{"provider_url": "https://www.constantina.rs.leg.br", "title": "10\u00aa Sess\u00e3o Ordin\u00e1ria Hoje (15/06/15)", "html": "\r\n<p>Acontece hoje a tarde com in\u00edcio as 18h a 10\u00aa sess\u00e3o Ordin\u00e1ria. Toda a Comunidade est\u00e1 convidada a participar!!!</p>\r\n<p>Acompanhe o Roteiro da Sess\u00e3o:</p>\r\n<p><em><br /></em></p>\r\n<p><em>ROTEIRO DOS TRABALHOS\r\nDOS VEREADORES</em></p>\r\n<p style=\"text-align: justify;\">&nbsp;</p>\r\n<p style=\"text-align: justify;\"><strong><em>10\u00aa - SESS\u00c3O ORDIN\u00c1RIA</em></strong></p>\r\n<p style=\"text-align: justify;\"><strong><em>03\u00aa - SESS\u00c3O LEGISLATIVA ORDIN\u00c1RIA</em></strong></p>\r\n<p style=\"text-align: justify;\"><strong><em>13\u00aa - LEGISLATURA - DATA \u2013 15 DE JUNHO DE 2015 \u2013 18h \u2013\r\nSEGUNDA-FEIRA</em></strong></p>\r\n<p style=\"text-align: justify;\">&nbsp;</p>\r\n<p style=\"text-align: justify;\">VERIFICA\u00c7\u00c3O\r\nDE \u201cQUORUM REGIMENTAL\u201d</p>\r\n<p style=\"text-align: justify;\">&nbsp;</p>\r\n<p style=\"text-align: justify;\">LEITURA\r\nDE UM TRECHO DA B\u00cdBLIA&nbsp;&nbsp; -&nbsp;&nbsp;&nbsp; <strong>VER. </strong><strong>GERRI SAWARIS</strong></p>\r\n<p style=\"text-align: justify;\"><strong>&nbsp;</strong></p>\r\n<p style=\"text-align: justify;\"><strong>EXPEDIENTE\r\n(ART. 139 R.I.)</strong></p>\r\n<p style=\"text-align: justify;\"><strong>&nbsp;</strong></p>\r\n<p style=\"text-align: justify;\"><strong><u>PROPOSI\u00c7\u00d5ES APRESENTADAS \u00c0 MESA:</u></strong></p>\r\n<p style=\"text-align: justify;\"><strong><u>&nbsp;</u></strong></p>\r\n<table class=\"MsoNormalTable\">\r\n<tbody>\r\n<tr>\r\n<td>\r\n<p style=\"text-align: justify;\"><strong>OF. GAB. N\u00ba. 173/2015 \u2013 </strong>ENVIA O\r\n  PROJETO DE LEI N\u00ba. 30/2015 SUBSTITUTIVO PARA APRECIA\u00c7\u00c3O DO PODER LEGISLATIVO.</p>\r\n</td>\r\n</tr>\r\n<tr>\r\n<td>\r\n<p style=\"text-align: justify;\"><strong>OF. GAB. N\u00ba. 183/2015 \u2013 </strong>ENVIA OS\r\n  PROJETOS DE LEI N\u00ba. 48, 49, 50, 51 E 53/2015 PARA APRECIA\u00c7\u00c3O DO PODER\r\n  LEGISLATIVO SOLICITANDO QUE O PROJETO DE LEI N\u00ba. 53/2015 SEJA APRECIADO EM\r\n  REGIME DE URG\u00caNCIA.<strong></strong></p>\r\n</td>\r\n</tr>\r\n<tr>\r\n<td>\r\n<p style=\"text-align: justify;\"><strong>OF. GAB. N\u00ba. 185/2015 \u2013 </strong>ENVIA O\r\n  PROJETO DE LEI N\u00ba. 52/2015 PARA APRECIA\u00c7\u00c3O DO PODER LEGISLATIVO SLICITANDO\r\n  QUE SEJA APRECIADO EM REGIME DE URGENCIA.<strong></strong></p>\r\n</td>\r\n</tr>\r\n<tr>\r\n<td>\r\n<p style=\"text-align: justify;\"><strong>PROJETO DE LEI N\u00ba. 30/2015 SUBSTITUTIVO \u2013 </strong>DISP\u00d5E\r\n  SOBRE A REESTRUTURA\u00c7\u00c3O DO QUADRO DE CARGOS E FUN\u00c7\u00d5ES P\u00daBLICAS E PLANO DE\r\n  CARREIRA DOS SERVIDORES DO MUNIC\u00cdPIO DE CONSTANTINA E D\u00c1 OUTRAS PROVID\u00caNCIAS.<strong></strong></p>\r\n</td>\r\n</tr>\r\n<tr>\r\n<td>\r\n<p style=\"text-align: justify;\" class=\"MsoBodyText\"><strong>PROJETO\r\n  DE LEI N\u00ba. 48/2015 </strong>\u2013 ACRESCENTA A SE\u00c7\u00c3O VII AO CAPITULO II DA LEI\r\n  MUNICIPAL N\u00ba 3.330, DE 30 DE SETEMBRO DE 2014, CRIANDO ART. O 51-A E D\u00c1\r\n  OUTRAS PROVID\u00caNCIAS.<strong></strong></p>\r\n</td>\r\n</tr>\r\n<tr>\r\n<td>\r\n<p style=\"text-align: justify;\"><strong>PROJETO DE LEI N\u00ba. 49/2015 </strong>\u2013 AUTORIZA\r\n  O PODER EXECUTIVO MUNICIPAL A SUPLEMENTAR ELEMENTO DE DESPESA NO OR\u00c7AMENTO\r\n  MUNICIPAL VIGENTE NO VALOR DE R$ 60.000,00, APONTA RECURSOS E D\u00c1 OUTRAS\r\n  PROVID\u00caNCIAS.</p>\r\n</td>\r\n</tr>\r\n<tr>\r\n<td>\r\n<p style=\"text-align: justify;\"><strong>PROJETO DE LEI N\u00ba. 50/2015</strong> \u2013\r\n  AUTORIZA O PODER EXECUTIVO MUNICIPAL A ABRIR CR\u00c9DITO ADICIONAL ESPECIAL, NO\r\n  VALOR DE R$ 84.000,00 NO OR\u00c7AMENTO MUNICIPAL VIGENTE E D\u00c1 OUTRAS\r\n  PROVID\u00caNCIAS.</p>\r\n</td>\r\n</tr>\r\n<tr>\r\n<td>\r\n<p style=\"text-align: justify;\"><strong>PROJETO DE LEI N\u00ba. 51/2015</strong> \u2013\r\n  AUTORIZA O PODER EXECUTIVO MUNICIPAL A ABRIR CR\u00c9DITO ADICIONAL ESPECIAL, NO\r\n  VALOR DE R$ 36.950,00 NO OR\u00c7AMENTO MUNICIPAL VIGENTE E D\u00c1 OUTRAS\r\n  PROVID\u00caNCIAS.<strong></strong></p>\r\n</td>\r\n</tr>\r\n<tr>\r\n<td>\r\n<p style=\"text-align: justify;\"><strong>PROJETO DE LEI N\u00ba. 52/2015 </strong>\u2013 AUTORIZA\r\n  O PODER EXECUTIVO MUNICIPAL A SUPLEMENTAR ELEMENTO DE DESPESA NO OR\u00c7AMENTO\r\n  MUNICIPAL VIGENTE NO VALOR DE R$ 1.830.572,03 APONTA RECURSOS E D\u00c1 OUTRAS\r\n  PROVID\u00caNCIAS.<strong></strong></p>\r\n</td>\r\n</tr>\r\n<tr>\r\n<td>\r\n<p style=\"text-align: justify;\"><strong>PROJETO DE LEI N\u00ba. 53/2015 \u2013</strong> APROVA O\r\n  PLANO MUNICIPAL DE EDUCA\u00c7\u00c3O E D\u00c1 OUTRAS PROVID\u00caNCIAS.</p>\r\n</td>\r\n</tr>\r\n<tr>\r\n<td>\r\n<p style=\"text-align: justify;\"><strong>PROJETO DE DECRETO LEGISLATIVO N\u00ba. 02/2015 \u2013</strong> APROVA AS\r\n  CONTAS DO PREFEITO MUNICIPAL DO EXERC\u00cdCIO DE 2010.</p>\r\n</td>\r\n</tr>\r\n<tr>\r\n<td>\r\n<p style=\"text-align: justify;\"><strong>PROJETO DE DECRETO LEGISLATIVO N\u00ba. 03/2015 \u2013</strong> APROVA AS\r\n  CONTAS DO PREFEITO MUNICIPAL DO EXERC\u00cdCIO DE 2011.<strong></strong></p>\r\n</td>\r\n</tr>\r\n<tr>\r\n<td>\r\n<p style=\"text-align: justify;\"><strong>PEDIDO DE INFORMA\u00c7\u00c3O N\u00ba. 02/2015 \u2013</strong> <strong>INFORMA\u00c7\u00d5ES\r\n  SOBRE A SECRETARIA DA ASSIST\u00caNCIA SOCIAL:</strong> - SE AINDA EST\u00c1 EM ATIVIDADE O\r\n  PROJETO ASEMA NO MUNIC\u00cdPIO DE CONSTANTINA. \u2013 SE EST\u00c1, QUAIS AS ATIVIDADES QUE\r\n  EST\u00c3O SENDO DESENVOLVIDAS, QUAIS OS LOCAIS E HOR\u00c1RIOS? \u2013 SE N\u00c3O EST\u00c1 EM\r\n  FUNCIONAMENTO, JUSTIFICAR A SUSPENS\u00c3O DAS ATIVIDADES.</p>\r\n</td>\r\n</tr>\r\n<tr>\r\n<td>\r\n<p style=\"text-align: justify;\"><strong>PEDIDO DE INFORMA\u00c7\u00c3O N\u00ba. 03/2015 \u2013</strong> INFORMA\u00c7\u00d5ES\r\n  SOBRE A SECRETARIA DA ADMINISTRA\u00c7\u00c3O: SE A PREFEITURA DE CONSTANTINA REALIZOU\r\n  ALGUMA PESQUISA DE AVALIA\u00c7\u00c3O NO \u00daLTIMO PER\u00cdODO DE 2015; - SE REALIZOU\r\n  PESQUISA, QUANTO FOI PAGO PELA PESQUISA? \u2013 QUAL FOI O OBJETIVO DA PESQUISA? \u2013\r\n  C\u00d3PIA INTEGRAL DA PESQUISA E O RESULTADO DA MESMA.</p>\r\n</td>\r\n</tr>\r\n</tbody>\r\n</table>\r\n<p style=\"text-align: justify;\"><strong>&nbsp;</strong></p>\r\n<p style=\"text-align: justify;\"><strong>&nbsp;</strong></p>\r\n<p style=\"text-align: justify;\"><strong>PEQUENO EXPEDIENTE (ART.\r\n142 R.I.)</strong></p>\r\n<p style=\"text-align: justify;\">Nesse\r\nespa\u00e7o o vereador poder\u00e1 fazer breves comunica\u00e7\u00f5es ou coment\u00e1rios sobre a\r\nmat\u00e9ria relacionada nas proposi\u00e7\u00f5es apresentadas \u00e0 mesa e proposi\u00e7\u00f5es verbais e\r\npedidos de provid\u00eancias, votos de louvor e de pesar. Tempo = no m\u00e1ximo 5\r\nminutos.</p>\r\n<h1>ORDEM DOS INSCRITOS \u2013&nbsp;&nbsp;&nbsp;&nbsp;&nbsp;&nbsp;&nbsp;&nbsp;&nbsp;</h1>\r\n<h1>&nbsp;&nbsp;&nbsp;&nbsp;&nbsp;&nbsp;&nbsp;&nbsp;&nbsp;&nbsp;&nbsp;&nbsp;&nbsp;</h1>\r\n<table class=\"MsoNormalTable\">\r\n<tbody>\r\n<tr>\r\n<td>\r\n<p style=\"text-align: justify;\">ARI GIACOMINI</p>\r\n</td>\r\n</tr>\r\n<tr>\r\n<td>\r\n<p style=\"text-align: justify;\">MARCIO SARETO</p>\r\n</td>\r\n</tr>\r\n<tr>\r\n<td>\r\n<p style=\"text-align: justify;\">ALMIR VILLA</p>\r\n</td>\r\n</tr>\r\n<tr>\r\n<td>\r\n<p style=\"text-align: justify;\">LINDOMAR DURANTI</p>\r\n</td>\r\n</tr>\r\n<tr>\r\n<td>\r\n<p style=\"text-align: justify;\">LIRIO RIGON</p>\r\n</td>\r\n</tr>\r\n<tr>\r\n<td>\r\n<p style=\"text-align: justify;\">ALU\u00cdSIO VALLE</p>\r\n</td>\r\n</tr>\r\n<tr>\r\n<td>\r\n<p style=\"text-align: justify;\">EDEMAR MUNERON</p>\r\n</td>\r\n</tr>\r\n<tr>\r\n<td>\r\n<p style=\"text-align: justify;\">GERRI SAWARIS</p>\r\n</td>\r\n</tr>\r\n</tbody>\r\n</table>\r\n<p align=\"left\" class=\"MsoBodyText2\">&nbsp;</p>\r\n<p align=\"left\" class=\"MsoBodyText2\">GRANDE EXPEDIENTE\r\n(ART. 142 3\u00ba R.I.)</p>\r\n<p style=\"text-align: justify;\">Neste\r\nespa\u00e7o o vereador poder\u00e1 comentar assuntos de interesse p\u00fablico em geral.</p>\r\n<h1>ORDEM DOS INSCRITOS \u2013&nbsp;&nbsp;&nbsp;&nbsp;&nbsp;&nbsp;&nbsp;&nbsp;&nbsp;&nbsp;&nbsp;&nbsp;&nbsp;&nbsp;&nbsp;&nbsp;&nbsp;&nbsp;&nbsp;&nbsp;&nbsp;&nbsp;&nbsp;&nbsp;&nbsp;&nbsp;&nbsp;&nbsp;&nbsp;&nbsp;</h1>\r\n<p>&nbsp;</p>\r\n<table class=\"MsoNormalTable\">\r\n<tbody>\r\n<tr>\r\n<td>\r\n<p style=\"text-align: justify;\">ARI GIACOMINI</p>\r\n</td>\r\n</tr>\r\n<tr>\r\n<td>\r\n<p style=\"text-align: justify;\">MARCIO SARETO</p>\r\n</td>\r\n</tr>\r\n<tr>\r\n<td>\r\n<p style=\"text-align: justify;\">ALMIR VILLA</p>\r\n</td>\r\n</tr>\r\n<tr>\r\n<td>\r\n<p style=\"text-align: justify;\">LINDOMAR DURANTI</p>\r\n</td>\r\n</tr>\r\n<tr>\r\n<td>\r\n<p style=\"text-align: justify;\">LIRIO RIGON</p>\r\n</td>\r\n</tr>\r\n<tr>\r\n<td>\r\n<p style=\"text-align: justify;\">ALU\u00cdSIO VALLE</p>\r\n</td>\r\n</tr>\r\n<tr>\r\n<td>\r\n<p style=\"text-align: justify;\">EDEMAR MUNERON</p>\r\n</td>\r\n</tr>\r\n<tr>\r\n<td>\r\n<p style=\"text-align: justify;\">GERRI SAWARIS</p>\r\n</td>\r\n</tr>\r\n</tbody>\r\n</table>\r\n<h1>&nbsp;</h1>\r\n<h1>INTERVALO REGIMENTAL (ART.\r\n127) \u2013 PODE SER SUSPENSO</h1>\r\n<h2>&nbsp;</h2>\r\n<h2>&nbsp;</h2>\r\n<h2><a name=\"_GoBack\"></a>&nbsp;ORDEM DO DIA</h2>\r\n<p>&nbsp;</p>\r\n<table class=\"MsoNormalTable\">\r\n<tbody>\r\n<tr>\r\n<td>\r\n<p><strong>PROJETO\r\n  DE LEI N\u00ba. 44/2015 \u2013 </strong>D\u00c1 NOVA REDA\u00c7\u00c3O AO PAR\u00c1GRAFO \u00daNICO DO ART. 1\u00ba DA\r\n  LEI MUNICIPAL N\u00ba. 3.401, DE 05 DE MAIO DE 2015.<strong></strong></p>\r\n</td>\r\n</tr>\r\n<tr>\r\n<td>\r\n<p style=\"text-align: justify;\"><strong>PROJETO DE LEI N\u00ba. 45/2015 \u2013 </strong>AUTORIZA O\r\n  PODER EXECUTIVO MUNICIPAL A EFETUAR CONTRATA\u00c7\u00d5ES TEMPOR\u00c1RIAS E DE EXCEPCIONAL\r\n  INTERESSE P\u00daBLICO, PARA SUPRIR AS NECESSIDADES DA SECRETARIA MUNICIPAL DE\r\n  SA\u00daDE E DA SECRETARIA MUNICIPAL DE AGRICULTURA E MEIO AMBIENTE E D\u00c1 OUTRAS\r\n  PROVID\u00caNCIAS.<strong></strong></p>\r\n</td>\r\n</tr>\r\n<tr>\r\n<td>\r\n<p style=\"text-align: justify;\"><strong>PROJETO DE LEI N\u00ba. 46/2015 \u2013 </strong>AUTORIZA O\r\n  PODER EXECUTIVO MUNICIPAL A ABRIR CR\u00c9DITO ADICIONAL ESPECIAL, NO VALOR DE R$\r\n  15.000,00 NO OR\u00c7AMENTO MUNICIPAL VIGENTE E D\u00c1 OUTRAS PROVID\u00caNCIAS.<strong></strong></p>\r\n</td>\r\n</tr>\r\n<tr>\r\n<td>\r\n<p style=\"text-align: justify;\"><strong>PROJETO DE LEI N\u00ba. 47/2015 \u2013 </strong>AUTORIZA\r\n  MEDIDAS VIABILIZANDO A IMPLANTA\u00c7\u00c3O DE CONDOMINIOS POPULARES E D\u00c1 OUTRAS\r\n  PROVID\u00caNCIAS.<strong></strong></p>\r\n</td>\r\n</tr>\r\n<tr>\r\n<td>\r\n<p style=\"text-align: justify;\"><strong>PROJETO DE LEI N\u00ba. 52/2015 </strong>\u2013 AUTORIZA\r\n  O PODER EXECUTIVO MUNICIPAL A SUPLEMENTAR ELEMENTO DE DESPESA NO OR\u00c7AMENTO\r\n  MUNICIPAL VIGENTE NO VALOR DE R$ 1.830.572,03 APONTA RECURSOS E D\u00c1 OUTRAS\r\n  PROVID\u00caNCIAS.<strong></strong></p>\r\n</td>\r\n</tr>\r\n<tr>\r\n<td>\r\n<p style=\"text-align: justify;\"><strong>PROJETO DE DECRETO LEGISLATIVO N\u00ba.\r\n  01/2015 \u2013 </strong>APROVA AS CONTAS DO PREFEITO MUNICIPAL DO\r\n  EXERC\u00cdCIO DE 2012.<strong></strong></p>\r\n</td>\r\n</tr>\r\n<tr>\r\n<td>\r\n<p style=\"text-align: justify;\"><strong>PROJETO DE DECRETO LEGISLATIVO N\u00ba. 02/2015 \u2013</strong> APROVA AS\r\n  CONTAS DO PREFEITO MUNICIPAL DO EXERC\u00cdCIO DE 2010.</p>\r\n</td>\r\n</tr>\r\n<tr>\r\n<td>\r\n<p style=\"text-align: justify;\"><strong>PROJETO DE DECRETO LEGISLATIVO N\u00ba. 03/2015 \u2013</strong> APROVA AS\r\n  CONTAS DO PREFEITO MUNICIPAL DO EXERC\u00cdCIO DE 2011.<strong></strong></p>\r\n</td>\r\n</tr>\r\n<tr>\r\n<td>\r\n<p style=\"text-align: justify;\"><strong>PEDIDO DE INFORMA\u00c7\u00c3O N\u00ba. 02/2015 \u2013</strong> <strong>INFORMA\u00c7\u00d5ES\r\n  SOBRE A SECRETARIA DA ASSIST\u00caNCIA SOCIAL:</strong> - SE AINDA EST\u00c1 EM ATIVIDADE O\r\n  PROJETO ASEMA NO MUNIC\u00cdPIO DE CONSTANTINA. \u2013 SE EST\u00c1, QUAIS AS ATIVIDADES QUE\r\n  EST\u00c3O SENDO DESENVOLVIDAS, QUAIS OS LOCAIS E HOR\u00c1RIOS? \u2013 SE N\u00c3O EST\u00c1 EM\r\n  FUNCIONAMENTO, JUSTIFICAR A SUSPENS\u00c3O DAS ATIVIDADES.</p>\r\n</td>\r\n</tr>\r\n<tr>\r\n<td>\r\n<p style=\"text-align: justify;\"><strong>PEDIDO DE INFORMA\u00c7\u00c3O N\u00ba. 03/2015 \u2013</strong>\r\n  INFORMA\u00c7\u00d5ES SOBRE A SECRETARIA DA ADMINISTRA\u00c7\u00c3O: SE A PREFEITURA DE\r\n  CONSTANTINA REALIZOU ALGUMA PESQUISA DE AVALIA\u00c7\u00c3O NO \u00daLTIMO PER\u00cdODO DE 2015;\r\n  - SE REALIZOU PESQUISA, QUANTO FOI PAGO PELA PESQUISA? \u2013 QUAL FOI O OBJETIVO\r\n  DA PESQUISA? \u2013 C\u00d3PIA INTEGRAL DA PESQUISA E O RESULTADO DA MESMA.</p>\r\n</td>\r\n</tr>\r\n<tr>\r\n<td>\r\n<p style=\"text-align: justify;\"><strong>ELEI\u00c7\u00c3O MESA DIRETORA </strong></p>\r\n</td>\r\n</tr>\r\n</tbody>\r\n</table>\r\n<p>&nbsp;</p>\r\n<p class=\"MsoBodyText2\">&nbsp;</p>\r\n<p class=\"MsoBodyText2\">EXPLICA\u00c7\u00d5ES\r\nPESSOAIS (ART. 147 R.I.)</p>\r\n<p style=\"text-align: justify;\">Neste\r\nespa\u00e7o o vereador poder\u00e1 falar sobre v\u00e1rios assuntos livremente</p>\r\n<p style=\"text-align: justify;\">&nbsp;</p>\r\n<table class=\"MsoNormalTable\">\r\n<tbody>\r\n<tr>\r\n<td>\r\n<p style=\"text-align: justify;\">TEMPO A SER DELIMITADO CONFORME O ANDAMENTO\r\n  DA SESS\u00c3O...</p>\r\n<p style=\"text-align: justify;\">ORDEM DOS INSCRITOS<strong></strong></p>\r\n</td>\r\n</tr>\r\n<tr>\r\n<td>\r\n<p style=\"text-align: justify;\">ARI GIACOMINI</p>\r\n</td>\r\n</tr>\r\n<tr>\r\n<td>\r\n<p style=\"text-align: justify;\">MARCIO SARETO</p>\r\n</td>\r\n</tr>\r\n<tr>\r\n<td>\r\n<p style=\"text-align: justify;\">ALMIR VILLA</p>\r\n</td>\r\n</tr>\r\n<tr>\r\n<td>\r\n<p style=\"text-align: justify;\">LINDOMAR DURANTI</p>\r\n</td>\r\n</tr>\r\n<tr>\r\n<td>\r\n<p style=\"text-align: justify;\">LIRIO RIGON</p>\r\n</td>\r\n</tr>\r\n<tr>\r\n<td>\r\n<p style=\"text-align: justify;\">ALU\u00cdSIO VALLE</p>\r\n</td>\r\n</tr>\r\n<tr>\r\n<td>\r\n<p style=\"text-align: justify;\">EDEMAR MUNERON</p>\r\n</td>\r\n</tr>\r\n<tr>\r\n<td>\r\n<p style=\"text-align: justify;\">GERRI SAWARIS</p>\r\n</td>\r\n</tr>\r\n</tbody>\r\n</table>\r\n<p align=\"center\" style=\"text-align: center;\"><strong>&nbsp;</strong></p>\r\n<p>&nbsp;</p>\r\n<p align=\"center\" style=\"text-align: center;\"><strong>ENCERRAMENTO DA SESS\u00c3O.</strong></p>\r\n", "author_name": "fernandamarcondes", "version": "1.0", "author_url": "https://www.constantina.rs.leg.br/author/fernandamarcondes", "provider_name": "C\u00e2mara Municipal", "type": "rich"}