{"provider_url": "https://www.constantina.rs.leg.br", "title": "11\u00aa Sess\u00e3o Ordin\u00e1ria 2015", "html": "\r\n<p>Acontece na segunda-feira (06/07/15) a 11\u00aa sess\u00e3o ordin\u00e1ria na C\u00e2mara de Vereadores com in\u00edcio as 18h. Toda a comunidade est\u00e1 convidada a participar. Abaixo o roteiro da sess\u00e3o:</p>\r\n<p><em>ROTEIRO DOS TRABALHOS\r\nDOS VEREADORES</em></p>\r\n<p style=\"text-align: justify;\">&nbsp;</p>\r\n<p style=\"text-align: justify;\">&nbsp;</p>\r\n<p style=\"text-align: justify;\"><strong><em>11\u00aa - SESS\u00c3O ORDIN\u00c1RIA</em></strong></p>\r\n<p style=\"text-align: justify;\"><strong><em>03\u00aa - SESS\u00c3O LEGISLATIVA ORDIN\u00c1RIA</em></strong></p>\r\n<p style=\"text-align: justify;\"><strong><em>13\u00aa - LEGISLATURA - DATA \u2013 06 DE JULHO DE 2015 \u2013 17h30m \u2013\r\nSEGUNDA-FEIRA</em></strong></p>\r\n<p style=\"text-align: justify;\">&nbsp;</p>\r\n<p style=\"text-align: justify;\">VERIFICA\u00c7\u00c3O\r\nDE \u201cQUORUM REGIMENTAL\u201d</p>\r\n<p style=\"text-align: justify;\">&nbsp;</p>\r\n<p style=\"text-align: justify;\">Cantar\r\nHino do munic\u00edpio</p>\r\n<p style=\"text-align: justify;\">&nbsp;</p>\r\n<p style=\"text-align: justify;\">LEITURA\r\nDE UM TRECHO DA B\u00cdBLIA&nbsp;&nbsp; -&nbsp;&nbsp;&nbsp; <strong>VER. </strong><strong>EDEMAR MUNERON</strong></p>\r\n<p style=\"text-align: justify;\"><strong>&nbsp;</strong></p>\r\n<p style=\"text-align: justify;\"><strong>Discuss\u00e3o e vota\u00e7\u00e3o da\r\nAta n\u00ba. 1206</strong></p>\r\n<p style=\"text-align: justify;\"><strong>&nbsp;</strong></p>\r\n<p style=\"text-align: justify;\"><strong>EXPEDIENTE\r\n(ART. 139 R.I.)</strong></p>\r\n<p style=\"text-align: justify;\"><strong>&nbsp;</strong></p>\r\n<p style=\"text-align: justify;\"><strong><u>PROPOSI\u00c7\u00d5ES APRESENTADAS \u00c0 MESA:</u></strong></p>\r\n<p style=\"text-align: justify;\"><strong><u>&nbsp;</u></strong></p>\r\n<table class=\"MsoNormalTable\">\r\n<tbody>\r\n<tr>\r\n<td>\r\n<p style=\"text-align: justify;\"><strong>OF. GAB. N\u00ba. 212/2015 \u2013 </strong>ENVIA OS\r\n  PROJETOS DE LEI N\u00ba. 54, 55, E 56/2015 PARA APRECIA\u00c7\u00c3O DO PODER LEGISLATIVO\r\n  SOLICITANDO QUE OS MESMOS SEJAM APRECIADOS EM REGIME DE URG\u00caNCIA.<strong></strong></p>\r\n</td>\r\n</tr>\r\n<tr>\r\n<td>\r\n<p style=\"text-align: justify;\"><strong>PROJETO DE LEI N\u00ba. 54/2015 </strong>\u2013 AUTORIZA\r\n  O PODER EXECUTIVO MUNICIPAL A ABRIR CR\u00c9DITO ADICIONAL ESPECIAL NO VALOR DE R$\r\n  73.800,00, INCLUI NA LDO-2015 E NA LOA 2015 E APONTA RECURSOS.</p>\r\n</td>\r\n</tr>\r\n<tr>\r\n<td>\r\n<p style=\"text-align: justify;\"><strong>PROJETO DE LEI N\u00ba. 55/2015</strong> \u2013\r\n  AUTORIZA O PODER EXECUTIVO MUNICIPAL A ABRIR CR\u00c9DITO ADICIONAL ESPECIAL, NO\r\n  VALOR DE R$ 68.000,00 NO OR\u00c7AMENTO MUNICIPAL VIGENTE E D\u00c1 OUTRAS\r\n  PROVID\u00caNCIAS.</p>\r\n</td>\r\n</tr>\r\n<tr>\r\n<td>\r\n<p style=\"text-align: justify;\"><strong>PROJETO DE LEI N\u00ba. 56/2015</strong> \u2013\r\n  AUTORIZA O PODER EXECUTIVO MUNICIPAL A SUPLEMENTAR ELEMENTO DE DESPESA NO\r\n  OR\u00c7AMENTO MUNICIPAL VIGENTE NO VALOR DE R$ 417.626,86 APONTA RECURSOS E D\u00c1\r\n  OUTRAS PROVID\u00caNCIAS.<strong></strong></p>\r\n</td>\r\n</tr>\r\n<tr>\r\n<td>\r\n<p style=\"text-align: justify;\"><strong>PROJETO DE LEI DO LEGISLATIVO N\u00ba. 09/2015 \u2013</strong> DISP\u00d5E\r\n  SOBRE A CRIA\u00c7\u00c3O DA GALERIA DE PRESIDENTES DA C\u00c2MARA MUNICIPAL DE VEREADORES\r\n  DE CONSTANTINA.</p>\r\n</td>\r\n</tr>\r\n<tr>\r\n<td>\r\n<p style=\"text-align: justify;\"><strong>PROJETO DE LEI DO LEGISLATIVO N\u00ba. 10/2015 \u2013</strong> DISP\u00d5E\r\n  SOBRE A CRIA\u00c7\u00c3O DO MUSEU FOTOGR\u00c1FICO DE MOMENTOS IMPORTANTES E HIST\u00d3RICOS DO\r\n  MUNIC\u00cdPIO DE CONSTANTINA.<strong></strong></p>\r\n</td>\r\n</tr>\r\n<tr>\r\n<td>\r\n<p style=\"text-align: justify;\"><strong>PROJETO DE LEI DO LEGISLATIVO N\u00ba. 11/2015 \u2013</strong> INSTITUI\r\n  O TROF\u00c9U \u201cMULHER CIDAD\u00c3\u201d NO MUNIC\u00cdPIO DE CONSTANTINA-RS.</p>\r\n</td>\r\n</tr>\r\n<tr>\r\n<td>\r\n<p style=\"text-align: justify;\"><strong>PEDIDO DE INFORMA\u00c7\u00c3O N\u00ba. 04/2015 \u2013</strong>\r\n  INFORMA\u00c7\u00d5ES SOBRE A SECRETARIA DA AGRICULTURA: - QUAIS OS VEICULOS, M\u00c1QUINAS\r\n  E EQUIPAMENTOS DO MUNIC\u00cdPIO EST\u00c3O ALOCADOS NA SECRETARIA DE AGRICULTURA? \u2013 NO\r\n  PER\u00cdODO DE 15 DE JUNHO 2015 A 15 DE JUNHO DE 2015, QUAIS FORAM OS PROGRAMAS\r\n  EXECUTADOS PELA SECRETARIA? \u2013 RELA\u00c7\u00c3O DAS HORAS M\u00c1QUINAS PRESTADAS PARA OS\r\n  PRODUTORES RURAIS DO MUNIC\u00cdPIO NO PER\u00cdODO NO PER\u00cdODO ACIMA, CONSTANDO O NOME\r\n  DO PRODUTOR, NUMERO DE HORAS E VALOR PAGO PELO PRODUTOR A TITULO?</p>\r\n</td>\r\n</tr>\r\n</tbody>\r\n</table>\r\n<p style=\"text-align: justify;\"><strong>&nbsp;</strong></p>\r\n<p style=\"text-align: justify;\"><strong>&nbsp;</strong></p>\r\n<p style=\"text-align: justify;\"><strong>&nbsp;</strong></p>\r\n<p style=\"text-align: justify;\"><strong>&nbsp;</strong></p>\r\n<p style=\"text-align: justify;\"><strong>PEQUENO EXPEDIENTE (ART.\r\n142 R.I.)</strong></p>\r\n<p style=\"text-align: justify;\">Nesse\r\nespa\u00e7o o vereador poder\u00e1 fazer breves comunica\u00e7\u00f5es ou coment\u00e1rios sobre a\r\nmat\u00e9ria relacionada nas proposi\u00e7\u00f5es apresentadas \u00e0 mesa e proposi\u00e7\u00f5es verbais e\r\npedidos de provid\u00eancias, votos de louvor e de pesar. Tempo = no m\u00e1ximo 5\r\nminutos.</p>\r\n<h1>ORDEM DOS INSCRITOS \u2013&nbsp;&nbsp;&nbsp;&nbsp;&nbsp;</h1>\r\n<h1>&nbsp;&nbsp;&nbsp;</h1>\r\n<h1>&nbsp;&nbsp;&nbsp;&nbsp;&nbsp;&nbsp;&nbsp;&nbsp;&nbsp;&nbsp;&nbsp;&nbsp;&nbsp;</h1>\r\n<table class=\"MsoNormalTable\">\r\n<tbody>\r\n<tr>\r\n<td>\r\n<p style=\"text-align: justify;\">CLEUSA TOMAZELLI</p>\r\n</td>\r\n</tr>\r\n<tr>\r\n<td>\r\n<p style=\"text-align: justify;\">ARI GIACOMINI</p>\r\n</td>\r\n</tr>\r\n<tr>\r\n<td>\r\n<p style=\"text-align: justify;\">MERCEDES ROVADOSCHI</p>\r\n</td>\r\n</tr>\r\n<tr>\r\n<td>\r\n<p style=\"text-align: justify;\">ALMIR VILLA</p>\r\n</td>\r\n</tr>\r\n<tr>\r\n<td>\r\n<p style=\"text-align: justify;\">LINDOMAR DURANTI</p>\r\n</td>\r\n</tr>\r\n<tr>\r\n<td>\r\n<p style=\"text-align: justify;\">LIRIO RIGON</p>\r\n</td>\r\n</tr>\r\n<tr>\r\n<td>\r\n<p style=\"text-align: justify;\">ALU\u00cdSIO VALLE</p>\r\n</td>\r\n</tr>\r\n<tr>\r\n<td>\r\n<p style=\"text-align: justify;\">EDEMAR MUNERON</p>\r\n</td>\r\n</tr>\r\n</tbody>\r\n</table>\r\n<p align=\"left\" class=\"MsoBodyText2\">&nbsp;</p>\r\n<p align=\"left\" class=\"MsoBodyText2\">GRANDE EXPEDIENTE\r\n(ART. 142 3\u00ba R.I.)</p>\r\n<p style=\"text-align: justify;\">Neste\r\nespa\u00e7o o vereador poder\u00e1 comentar assuntos de interesse p\u00fablico em geral.</p>\r\n<h1>ORDEM DOS INSCRITOS \u2013&nbsp;&nbsp;&nbsp;&nbsp;&nbsp;&nbsp;&nbsp;&nbsp;&nbsp;&nbsp;&nbsp;&nbsp;&nbsp;&nbsp;&nbsp;&nbsp;&nbsp;&nbsp;&nbsp;&nbsp;&nbsp;&nbsp;&nbsp;&nbsp;&nbsp;&nbsp;&nbsp;&nbsp;&nbsp;&nbsp;</h1>\r\n<p>&nbsp;</p>\r\n<table class=\"MsoNormalTable\">\r\n<tbody>\r\n<tr>\r\n<td>\r\n<p style=\"text-align: justify;\">CLEUSA TOMAZELLI</p>\r\n</td>\r\n</tr>\r\n<tr>\r\n<td>\r\n<p style=\"text-align: justify;\">ARI GIACOMINI</p>\r\n</td>\r\n</tr>\r\n<tr>\r\n<td>\r\n<p style=\"text-align: justify;\">MERCEDES ROVADOSCHI</p>\r\n</td>\r\n</tr>\r\n<tr>\r\n<td>\r\n<p style=\"text-align: justify;\">ALMIR VILLA</p>\r\n</td>\r\n</tr>\r\n<tr>\r\n<td>\r\n<p style=\"text-align: justify;\">LINDOMAR DURANTI</p>\r\n</td>\r\n</tr>\r\n<tr>\r\n<td>\r\n<p style=\"text-align: justify;\">LIRIO RIGON</p>\r\n</td>\r\n</tr>\r\n<tr>\r\n<td>\r\n<p style=\"text-align: justify;\">ALU\u00cdSIO VALLE</p>\r\n</td>\r\n</tr>\r\n<tr>\r\n<td>\r\n<p style=\"text-align: justify;\">EDEMAR MUNERON</p>\r\n</td>\r\n</tr>\r\n</tbody>\r\n</table>\r\n<h1>&nbsp;</h1>\r\n<h1>INTERVALO REGIMENTAL (ART.\r\n127) \u2013 PODE SER SUSPENSO</h1>\r\n<h2>&nbsp;</h2>\r\n<h2>&nbsp;ORDEM DO DIA</h2>\r\n<p>&nbsp;</p>\r\n<table class=\"MsoNormalTable\">\r\n<tbody>\r\n<tr>\r\n<td>\r\n<p style=\"text-align: justify;\" class=\"MsoBodyText\"><a name=\"_GoBack\"></a><strong>PROJETO\r\n  DE LEI N\u00ba. 48/2015 </strong>\u2013 ACRESCENTA A SE\u00c7\u00c3O VII AO CAPITULO II DA LEI\r\n  MUNICIPAL N\u00ba 3.330, DE 30 DE SETEMBRO DE 2014, CRIANDO ART. O 51-A E D\u00c1\r\n  OUTRAS PROVID\u00caNCIAS.<strong></strong></p>\r\n</td>\r\n</tr>\r\n<tr>\r\n<td>\r\n<p style=\"text-align: justify;\"><strong>PROJETO DE LEI N\u00ba. 49/2015 </strong>\u2013 AUTORIZA\r\n  O PODER EXECUTIVO MUNICIPAL A SUPLEMENTAR ELEMENTO DE DESPESA NO OR\u00c7AMENTO\r\n  MUNICIPAL VIGENTE NO VALOR DE R$ 60.000,00, APONTA RECURSOS E D\u00c1 OUTRAS\r\n  PROVID\u00caNCIAS.</p>\r\n</td>\r\n</tr>\r\n<tr>\r\n<td>\r\n<p style=\"text-align: justify;\"><strong>PROJETO DE LEI N\u00ba. 50/2015</strong> \u2013\r\n  AUTORIZA O PODER EXECUTIVO MUNICIPAL A ABRIR CR\u00c9DITO ADICIONAL ESPECIAL, NO\r\n  VALOR DE R$ 84.000,00 NO OR\u00c7AMENTO MUNICIPAL VIGENTE E D\u00c1 OUTRAS\r\n  PROVID\u00caNCIAS.</p>\r\n</td>\r\n</tr>\r\n<tr>\r\n<td>\r\n<p style=\"text-align: justify;\"><strong>PROJETO DE LEI N\u00ba. 51/2015</strong> \u2013\r\n  AUTORIZA O PODER EXECUTIVO MUNICIPAL A ABRIR CR\u00c9DITO ADICIONAL ESPECIAL, NO\r\n  VALOR DE R$ 36.950,00 NO OR\u00c7AMENTO MUNICIPAL VIGENTE E D\u00c1 OUTRAS\r\n  PROVID\u00caNCIAS.<strong></strong></p>\r\n</td>\r\n</tr>\r\n<tr>\r\n<td>\r\n<p style=\"text-align: justify;\"><strong>PROJETO DE LEI N\u00ba. 54/2015 \u2013 </strong>AUTORIZA O\r\n  PODER EXECUTIVO MUNICIPAL A ABRIR CR\u00c9DITO ADICIONAL ESPECIAL NO VALOR DE R$\r\n  73.800,00, INCLUI NA LDO-2015 E NA LOA 2015 E APONTA RECURSOS.<strong></strong></p>\r\n</td>\r\n</tr>\r\n<tr>\r\n<td>\r\n<p style=\"text-align: justify;\"><strong>PROJETO DE LEI N\u00ba. 55/2015 \u2013 </strong>AUTORIZA O\r\n  PODER EXECUTIVO MUNICIPAL A ABRIR CR\u00c9DITO ADICIONAL ESPECIAL, NO VALOR DE R$\r\n  68.000,00 NO OR\u00c7AMENTO MUNICIPAL VIGENTE E D\u00c1 OUTRAS PROVID\u00caNCIAS.<strong></strong></p>\r\n</td>\r\n</tr>\r\n<tr>\r\n<td>\r\n<p style=\"text-align: justify;\"><strong>PROJETO DE LEI N\u00ba. 56/2015 \u2013 </strong>AUTORIZA O\r\n  PODER EXECUTIVO MUNICIPAL A SUPLEMENTAR ELEMENTO DE DESPESA NO OR\u00c7AMENTO\r\n  MUNICIPAL VIGENTE NO VALOR DE R$ 417.626,86 APONTA RECURSOS E D\u00c1 OUTRAS\r\n  PROVID\u00caNCIAS.<strong></strong></p>\r\n</td>\r\n</tr>\r\n</tbody>\r\n</table>\r\n<p>&nbsp;</p>\r\n<p class=\"MsoBodyText2\">EXPLICA\u00c7\u00d5ES\r\nPESSOAIS (ART. 147 R.I.)</p>\r\n<p style=\"text-align: justify;\">Neste\r\nespa\u00e7o o vereador poder\u00e1 falar sobre v\u00e1rios assuntos livremente</p>\r\n<p style=\"text-align: justify;\">&nbsp;</p>\r\n<table class=\"MsoNormalTable\">\r\n<tbody>\r\n<tr>\r\n<td>\r\n<p style=\"text-align: justify;\">TEMPO A SER DELIMITADO CONFORME O ANDAMENTO\r\n  DA SESS\u00c3O...</p>\r\n<p style=\"text-align: justify;\">ORDEM DOS INSCRITOS<strong></strong></p>\r\n</td>\r\n</tr>\r\n<tr>\r\n<td>\r\n<p style=\"text-align: justify;\">CLEUSA TOMAZELLI</p>\r\n</td>\r\n</tr>\r\n<tr>\r\n<td>\r\n<p style=\"text-align: justify;\">ARI GIACOMINI</p>\r\n</td>\r\n</tr>\r\n<tr>\r\n<td>\r\n<p style=\"text-align: justify;\">MERCEDES ROVADOSCHI</p>\r\n</td>\r\n</tr>\r\n<tr>\r\n<td>\r\n<p style=\"text-align: justify;\">ALMIR VILLA</p>\r\n</td>\r\n</tr>\r\n<tr>\r\n<td>\r\n<p style=\"text-align: justify;\">LINDOMAR DURANTI</p>\r\n</td>\r\n</tr>\r\n<tr>\r\n<td>\r\n<p style=\"text-align: justify;\">LIRIO RIGON</p>\r\n</td>\r\n</tr>\r\n<tr>\r\n<td>\r\n<p style=\"text-align: justify;\">ALU\u00cdSIO VALLE</p>\r\n</td>\r\n</tr>\r\n<tr>\r\n<td>\r\n<p style=\"text-align: justify;\">EDEMAR MUNERON</p>\r\n</td>\r\n</tr>\r\n</tbody>\r\n</table>\r\n<p align=\"center\" style=\"text-align: center;\"><strong>&nbsp;</strong></p>\r\n<p align=\"center\" style=\"text-align: center;\"><strong>&nbsp;</strong></p>\r\n<p align=\"center\" style=\"text-align: center;\"><strong>ENCERRAMENTO DA SESS\u00c3O.</strong></p>\r\n<p>&nbsp;</p>\r\n<p>&nbsp;</p>\r\n", "author_name": "fernandamarcondes", "version": "1.0", "author_url": "https://www.constantina.rs.leg.br/author/fernandamarcondes", "provider_name": "C\u00e2mara Municipal", "type": "rich"}