{"provider_url": "https://www.constantina.rs.leg.br", "title": "14\u00aa Sess\u00e3o Ordin\u00e1ria 2015", "html": "\r\n<p>Acontece hoje a tarde (17-08-15) a 14\u00aa Sess\u00e3o Ordin\u00e1ria com in\u00edcio as 18h. na C\u00e2mara Municipal de Vereadores de Constantina. Toda a comunidade est\u00e1 convidada a participar. Abaixo a pauta da sess\u00e3o:</p>\r\n<p><em>ROTEIRO DOS TRABALHOS\r\nDOS VEREADORES</em></p>\r\n<p style=\"text-align: justify;\">&nbsp;</p>\r\n<p style=\"text-align: justify;\"><strong><em>14\u00aa - SESS\u00c3O ORDIN\u00c1RIA</em></strong></p>\r\n<p style=\"text-align: justify;\"><strong><em>03\u00aa - SESS\u00c3O LEGISLATIVA ORDIN\u00c1RIA</em></strong></p>\r\n<p style=\"text-align: justify;\"><strong><em>13\u00aa - LEGISLATURA - DATA \u2013 17 DE AGOSTO DE 2015 \u2013 18h \u2013\r\nSEGUNDA-FEIRA</em></strong></p>\r\n<p style=\"text-align: justify;\">&nbsp;</p>\r\n<p style=\"text-align: justify;\">VERIFICA\u00c7\u00c3O\r\nDE \u201cQUORUM REGIMENTAL\u201d</p>\r\n<p style=\"text-align: justify;\">&nbsp;</p>\r\n<p style=\"text-align: justify;\">LEITURA\r\nDE UM TRECHO DA B\u00cdBLIA&nbsp;&nbsp; -&nbsp;&nbsp;&nbsp; <strong>VER. </strong><strong>LINDOMAR DURANTI</strong></p>\r\n<p style=\"text-align: justify;\"><strong>&nbsp;</strong></p>\r\n<p style=\"text-align: justify;\"><strong>EXPEDIENTE\r\n(ART. 139 R.I.)</strong></p>\r\n<p style=\"text-align: justify;\"><strong>&nbsp;</strong></p>\r\n<p style=\"text-align: justify;\"><strong><u>PROPOSI\u00c7\u00d5ES APRESENTADAS \u00c0 MESA: </u></strong></p>\r\n<p style=\"text-align: justify;\"><strong><u>&nbsp;</u></strong></p>\r\n<table class=\"MsoNormalTable\">\r\n<tbody>\r\n<tr>\r\n<td>\r\n<p style=\"text-align: justify;\"><strong>OF. GAB. N\u00ba. 269/2015 \u2013 </strong>ENVIA O\r\n  PROJETO DE LEI N\u00ba. 63/2015 PARA APRECIA\u00c7\u00c3O DO PODER LEGISLATIVO SOLICITANDO\r\n  QUE O MESMO SEJA APRECIADO EM REGIME DE URG\u00caNCIA.<strong></strong></p>\r\n</td>\r\n</tr>\r\n<tr>\r\n<td>\r\n<p style=\"text-align: justify;\"><strong>OF. GAB. N\u00ba. 274/2015 \u2013 </strong>ENVIA O\r\n  PROJETO DE LEI N\u00ba. 64/2015 PARA APRECIA\u00c7\u00c3O DO PODER LEGISLATIVO SOLICITANDO\r\n  QUE O MESMO SEJA APRECIADO EM REGIME DE URG\u00caNCIA.<strong></strong></p>\r\n</td>\r\n</tr>\r\n<tr>\r\n<td>\r\n<p style=\"text-align: justify;\"><strong>PROJETO DE LEI N\u00ba. 63/2015 </strong>\u2013 AUTORIZA\r\n  O MUNIC\u00cdPIO DE CONS<a name=\"_GoBack\"></a>TANTINA A FIRMAR CONV\u00caNIO COM A\r\n  FUNDA\u00c7\u00c3O HOSPITALAR OFTALMOL\u00d3GICA UNIVERSIT\u00c1RIA LIONS \u2013 HOSPITAL DE OLHOS\r\n  DY\u00d3GENES AUILDO MARTINS PINTO E D\u00c1 OUTRAS PROVID\u00caNCIAS.</p>\r\n</td>\r\n</tr>\r\n<tr>\r\n<td>\r\n<p style=\"text-align: justify;\"><strong>PROJETO DE LEI N\u00ba. 64/2015 \u2013</strong> AUTORIZA\r\n  O PODER EXECUTIVO MUNICIPAL A ABRIR CR\u00c9DITO ADICIONAL ESPECIAL NO VALOR DE R$\r\n  25.000,00 INCLUI NO PPA 2014/2017, NA LDO-2015 E NA LOA 2015 E APONTA\r\n  RECURSOS.</p>\r\n</td>\r\n</tr>\r\n</tbody>\r\n</table>\r\n<p style=\"text-align: justify;\"><strong>&nbsp;</strong></p>\r\n<p style=\"text-align: justify;\"><strong>PEQUENO EXPEDIENTE (ART.\r\n142 R.I.)</strong></p>\r\n<p style=\"text-align: justify;\">Nesse\r\nespa\u00e7o o vereador poder\u00e1 fazer breves comunica\u00e7\u00f5es ou coment\u00e1rios sobre a\r\nmat\u00e9ria relacionada nas proposi\u00e7\u00f5es apresentadas \u00e0 mesa e proposi\u00e7\u00f5es verbais e\r\npedidos de provid\u00eancias, votos de louvor e de pesar. Tempo = no m\u00e1ximo 5\r\nminutos.</p>\r\n<h1>ORDEM DOS INSCRITOS \u2013&nbsp;&nbsp;&nbsp;&nbsp;&nbsp;</h1>\r\n<h1>&nbsp;&nbsp;&nbsp;&nbsp;&nbsp;&nbsp;&nbsp;&nbsp;&nbsp;&nbsp;&nbsp;&nbsp;&nbsp;&nbsp;&nbsp;&nbsp;&nbsp;</h1>\r\n<table class=\"MsoNormalTable\">\r\n<tbody>\r\n<tr>\r\n<td>\r\n<p style=\"text-align: justify;\">LIRIO RIGON</p>\r\n</td>\r\n</tr>\r\n<tr>\r\n<td>\r\n<p style=\"text-align: justify;\">ALU\u00cdSIO VALLE</p>\r\n</td>\r\n</tr>\r\n<tr>\r\n<td>\r\n<p style=\"text-align: justify;\">EDEMAR MUNERON</p>\r\n</td>\r\n</tr>\r\n<tr>\r\n<td>\r\n<p style=\"text-align: justify;\">CLEUSA TOMAZELLI</p>\r\n</td>\r\n</tr>\r\n<tr>\r\n<td>\r\n<p style=\"text-align: justify;\">ARI GIACOMINI</p>\r\n</td>\r\n</tr>\r\n<tr>\r\n<td>\r\n<p style=\"text-align: justify;\">MARCIO SARETO</p>\r\n</td>\r\n</tr>\r\n<tr>\r\n<td>\r\n<p style=\"text-align: justify;\">ALMIR VILLA</p>\r\n</td>\r\n</tr>\r\n<tr>\r\n<td>\r\n<p style=\"text-align: justify;\">LINDOMAR DURANTI</p>\r\n</td>\r\n</tr>\r\n</tbody>\r\n</table>\r\n<p align=\"left\" class=\"MsoBodyText2\">&nbsp;</p>\r\n<p align=\"left\" class=\"MsoBodyText2\">GRANDE EXPEDIENTE\r\n(ART. 142 3\u00ba R.I.)</p>\r\n<p style=\"text-align: justify;\">Neste\r\nespa\u00e7o o vereador poder\u00e1 comentar assuntos de interesse p\u00fablico em geral.</p>\r\n<h1>ORDEM DOS INSCRITOS \u2013&nbsp;&nbsp;&nbsp;&nbsp;&nbsp;&nbsp;&nbsp;&nbsp;&nbsp;&nbsp;&nbsp;&nbsp;&nbsp;&nbsp;&nbsp;&nbsp;&nbsp;&nbsp;&nbsp;&nbsp;&nbsp;&nbsp;&nbsp;&nbsp;&nbsp;&nbsp;&nbsp;&nbsp;&nbsp;&nbsp;</h1>\r\n<p>&nbsp;</p>\r\n<table class=\"MsoNormalTable\">\r\n<tbody>\r\n<tr>\r\n<td>\r\n<p style=\"text-align: justify;\">LIRIO RIGON</p>\r\n</td>\r\n</tr>\r\n<tr>\r\n<td>\r\n<p style=\"text-align: justify;\">ALU\u00cdSIO VALLE</p>\r\n</td>\r\n</tr>\r\n<tr>\r\n<td>\r\n<p style=\"text-align: justify;\">EDEMAR MUNERON</p>\r\n</td>\r\n</tr>\r\n<tr>\r\n<td>\r\n<p style=\"text-align: justify;\">CLEUSA TOMAZELLI</p>\r\n</td>\r\n</tr>\r\n<tr>\r\n<td>\r\n<p style=\"text-align: justify;\">ARI GIACOMINI</p>\r\n</td>\r\n</tr>\r\n<tr>\r\n<td>\r\n<p style=\"text-align: justify;\">MARCIO SARETO</p>\r\n</td>\r\n</tr>\r\n<tr>\r\n<td>\r\n<p style=\"text-align: justify;\">ALMIR VILLA</p>\r\n</td>\r\n</tr>\r\n<tr>\r\n<td>\r\n<p style=\"text-align: justify;\">LINDOMAR DURANTI</p>\r\n</td>\r\n</tr>\r\n</tbody>\r\n</table>\r\n<h1>&nbsp;</h1>\r\n<h1>INTERVALO REGIMENTAL (ART.\r\n127) \u2013 PODE SER SUSPENSO</h1>\r\n<h2>&nbsp;</h2>\r\n<h2>&nbsp;ORDEM DO DIA</h2>\r\n<table class=\"MsoNormalTable\">\r\n<tbody>\r\n<tr>\r\n<td>\r\n<p style=\"text-align: justify;\"><strong>PROJETO DE LEI N\u00ba. 59/2015</strong> \u2013 DISP\u00d5E\r\n  SOBRE AS DIRETRIZES OR\u00c7AMENT\u00c1RIAS PARA O EXERC\u00cdCIO FINANCEIRO DE 2016 E D\u00c1\r\n  OUTRAS PROVID\u00caNCIAS.<strong></strong></p>\r\n</td>\r\n</tr>\r\n<tr>\r\n<td>\r\n<p style=\"text-align: justify;\"><strong>PROJETO DE LEI N\u00ba. 62/2015 \u2013 </strong>DISP\u00d5E\r\n  SOBRE O PAGAMENTO, REMISS\u00c3O E COBRAN\u00c7A DE CR\u00c9DITOS TRIBUT\u00c1RIOS INSCRITOS EM\r\n  DIVIDA ATIVA, E D\u00c1 OUTRAS PROVID\u00caNCIAS.<strong></strong></p>\r\n</td>\r\n</tr>\r\n<tr>\r\n<td>\r\n<p style=\"text-align: justify;\"><strong>PROJETO DE LEI N\u00ba. 63/2015 \u2013 </strong>AUTORIZA O\r\n  MUNIC\u00cdPIO DE CONSTANTINA A FIRMAR CONV\u00caNIO COM A FUNDA\u00c7\u00c3O HOSPITALAR\r\n  OFTALMOL\u00d3GICA UNIVERSIT\u00c1RIA LIONS \u2013 HOSPITAL DE OLHOS DY\u00d3GENES AUILDO MARTINS\r\n  PINTO E D\u00c1 OUTRAS PROVID\u00caNCIAS.<strong></strong></p>\r\n</td>\r\n</tr>\r\n<tr>\r\n<td>\r\n<p style=\"text-align: justify;\"><strong>PROJETO DE LEI N\u00ba. 64/2015 \u2013 </strong>AUTORIZA O\r\n  PODER EXECUTIVO MUNICIPAL A ABRIR CR\u00c9DITO ADICIONAL ESPECIAL NO VALOR DE R$\r\n  25.000,00 INCLUI NO PPA 2014/2017, NA LDO-2015 E NA LOA 2015 E APONTA\r\n  RECURSOS.<strong></strong></p>\r\n</td>\r\n</tr>\r\n</tbody>\r\n</table>\r\n<p>&nbsp;</p>\r\n<p>&nbsp;</p>\r\n<p class=\"MsoBodyText2\">EXPLICA\u00c7\u00d5ES\r\nPESSOAIS (ART. 147 R.I.)</p>\r\n<p style=\"text-align: justify;\">Neste\r\nespa\u00e7o o vereador poder\u00e1 falar sobre v\u00e1rios assuntos livremente</p>\r\n<p style=\"text-align: justify;\">&nbsp;</p>\r\n<table class=\"MsoNormalTable\">\r\n<tbody>\r\n<tr>\r\n<td>\r\n<p style=\"text-align: justify;\">TEMPO A SER DELIMITADO CONFORME O ANDAMENTO\r\n  DA SESS\u00c3O...</p>\r\n<p style=\"text-align: justify;\">ORDEM DOS INSCRITOS<strong></strong></p>\r\n</td>\r\n</tr>\r\n<tr>\r\n<td>\r\n<p style=\"text-align: justify;\">LIRIO RIGON</p>\r\n</td>\r\n</tr>\r\n<tr>\r\n<td>\r\n<p style=\"text-align: justify;\">ALU\u00cdSIO VALLE</p>\r\n</td>\r\n</tr>\r\n<tr>\r\n<td>\r\n<p style=\"text-align: justify;\">EDEMAR MUNERON</p>\r\n</td>\r\n</tr>\r\n<tr>\r\n<td>\r\n<p style=\"text-align: justify;\">CLEUSA TOMAZELLI</p>\r\n</td>\r\n</tr>\r\n<tr>\r\n<td>\r\n<p style=\"text-align: justify;\">ARI GIACOMINI</p>\r\n</td>\r\n</tr>\r\n<tr>\r\n<td>\r\n<p style=\"text-align: justify;\">MARCIO SARETO</p>\r\n</td>\r\n</tr>\r\n<tr>\r\n<td>\r\n<p style=\"text-align: justify;\">ALMIR VILLA</p>\r\n</td>\r\n</tr>\r\n<tr>\r\n<td>\r\n<p style=\"text-align: justify;\">LINDOMAR DURANTI</p>\r\n</td>\r\n</tr>\r\n</tbody>\r\n</table>\r\n<p align=\"center\" style=\"text-align: center;\"><strong>&nbsp;</strong></p>\r\n<p align=\"center\" style=\"text-align: center;\"><strong>&nbsp;</strong></p>\r\n<p>\r\n\r\n\r\n\r\n\r\n\r\n\r\n\r\n\r\n\r\n\r\n\r\n\r\n\r\n\r\n\r\n\r\n\r\n\r\n\r\n\r\n\r\n\r\n\r\n\r\n\r\n\r\n\r\n\r\n\r\n\r\n\r\n\r\n\r\n\r\n\r\n\r\n\r\n\r\n\r\n\r\n\r\n\r\n\r\n\r\n\r\n\r\n\r\n\r\n\r\n\r\n\r\n\r\n\r\n\r\n\r\n\r\n\r\n\r\n\r\n\r\n\r\n\r\n\r\n\r\n\r\n\r\n\r\n\r\n\r\n\r\n\r\n\r\n\r\n\r\n\r\n\r\n\r\n\r\n\r\n<strong>ENCERRAMENTO&nbsp;</strong></p>\r\n", "author_name": "fernandamarcondes", "version": "1.0", "author_url": "https://www.constantina.rs.leg.br/author/fernandamarcondes", "provider_name": "C\u00e2mara Municipal", "type": "rich"}