{"provider_url": "https://www.constantina.rs.leg.br", "title": "15\u00aa Sess\u00e3o Ordin\u00e1ria nesta ter\u00e7a-feira", "html": "\r\n<p>Acontece hoje a tarde (08/09/15) a 15\u00aa Sess\u00e3o Ordin\u00e1ria na C\u00e2mara Municipal de Vereadores de Constantina com in\u00edcio as 18h. Toda a comunidade est\u00e1 convidada a participar.</p>\r\n<p>Abaixo o Roteiro da Sess\u00e3o:</p>\r\n<p><em>ROTEIRO DOS TRABALHOS\r\nDOS VEREADORES</em></p>\r\n<p style=\"text-align: justify;\">&nbsp;</p>\r\n<p style=\"text-align: justify;\"><strong><em>15\u00aa - SESS\u00c3O ORDIN\u00c1RIA</em></strong></p>\r\n<p style=\"text-align: justify;\"><strong><em>03\u00aa - SESS\u00c3O LEGISLATIVA ORDIN\u00c1RIA</em></strong></p>\r\n<p style=\"text-align: justify;\"><strong><em>13\u00aa - LEGISLATURA - DATA \u2013 08 DE SETEMBRO DE 2015 \u2013 17h\r\n30m \u2013 TER\u00c7A-FEIRA</em></strong></p>\r\n<p style=\"text-align: justify;\">&nbsp;</p>\r\n<p style=\"text-align: justify;\">VERIFICA\u00c7\u00c3O\r\nDE \u201cQUORUM REGIMENTAL\u201d</p>\r\n<p style=\"text-align: justify;\">&nbsp;</p>\r\n<p style=\"text-align: justify;\">CANTAR\r\nO HINO DO MUNIC\u00cdPIO</p>\r\n<p style=\"text-align: justify;\">&nbsp;</p>\r\n<p style=\"text-align: justify;\">LEITURA\r\nDE UM TRECHO DA B\u00cdBLIA&nbsp;&nbsp; -&nbsp;&nbsp;&nbsp; <strong>VER. </strong><strong>ALMIR VILLA</strong></p>\r\n<p style=\"text-align: justify;\"><strong>&nbsp;</strong></p>\r\n<p style=\"text-align: justify;\"><strong>EXPEDIENTE\r\n(ART. 139 R.I.)</strong></p>\r\n<p style=\"text-align: justify;\"><strong><u>PROPOSI\u00c7\u00d5ES APRESENTADAS \u00c0 MESA: </u></strong></p>\r\n<table class=\"MsoNormalTable\">\r\n<tbody>\r\n<tr>\r\n<td>\r\n<p style=\"text-align: justify;\"><strong>OF. GAB. N\u00ba. 321/2015 \u2013 </strong>ENVIA OS\r\n  PROJETOS DE LEI N\u00ba. 65, 66 E 67/2015 PARA APRECIA\u00c7\u00c3O DO PODER LEGISLATIVO\r\n  SOLICITANDO QUE OS PROJETOS DE LEI N\u00ba. 65 E 66/2015 SEJAM APRECIADOS EM\r\n  REGIME DE URG\u00caNCIA.<strong></strong></p>\r\n</td>\r\n</tr>\r\n<tr>\r\n<td>\r\n<p style=\"text-align: justify;\"><strong>PROJETO DE LEI N\u00ba. 65/2015 </strong>\u2013 AUTORIZA\r\n  O PODER EXECUTIVO MUNICIPAL A CONCEDER SUBVEN\u00c7\u00c3O SOCIAL AO CTG TAQUARU\u00c7U DE\r\n  CONSTANTINA/RS E D\u00c1 OUTRAS PROVID\u00caNCIAS.</p>\r\n</td>\r\n</tr>\r\n<tr>\r\n<td>\r\n<p style=\"text-align: justify;\"><strong>PROJETO DE LEI N\u00ba. 66/2015 \u2013</strong> ALTERA A\r\n  REDA\u00c7\u00c3O DOS INCISOS III E IV DO ART. 14 DA LEI MUNICIPAL N\u00ba 1.791 DE 26 DE\r\n  MAR\u00c7O DE 2002 E D\u00c1 OUTRAS PROVID\u00caNCIAS.</p>\r\n</td>\r\n</tr>\r\n<tr>\r\n<td>\r\n<p style=\"text-align: justify;\"><strong>PROJETO DE LEI N\u00ba. 67/2015 \u2013</strong> D\u00c1 NOVA\r\n  REDA\u00c7\u00c3O A ALINEA d, DO INCISO II DO ARTIGO 4\u00ba DA LEI MUNICIPAL N\u00ba 2.052/04 E\r\n  D\u00c1 OUTRAS PROVID\u00caNCIAS.</p>\r\n</td>\r\n</tr>\r\n<tr>\r\n<td>\r\n<p style=\"text-align: justify;\"><strong>PROJETO DE DECRETO LEGISLATIVO N\u00ba. 04/2015 \u2013</strong> APROVA AS\r\n  CONTAS DO PREFEITO MUNICIPAL DO EXERC\u00cdCIO DE 2013.</p>\r\n</td>\r\n</tr>\r\n<tr>\r\n<td>\r\n<p style=\"text-align: justify;\"><strong>INDICA\u00c7\u00c3O N\u00ba 09/2015 \u2013</strong> QUE O\r\n  PODER EXECUTIVO PROVIDENCIE: A- BUSCA DE RECURSOS PARA AQUISI\u00c7\u00c3O DE UMA\r\n  MINICARREGADEIRA.</p>\r\n</td>\r\n</tr>\r\n<tr>\r\n<td>\r\n<p style=\"text-align: justify;\"><strong>INDICA\u00c7\u00c3O N\u00ba. 10/2015 \u2013</strong> QUE O\r\n  PODER EXECUTIVO, ATRAV\u00c9S DA SECRETARIA DE EDUCA\u00c7\u00c3O E CULTURA PROVIDENCIE: A-\r\n  VIAGENS TURISTICAS E CULTURAIS PARA OS CLUBES DE M\u00c3ES E GRUPOS DE TERCEIRA\r\n  IDADE.</p>\r\n</td>\r\n</tr>\r\n<tr>\r\n<td>\r\n<p style=\"text-align: justify;\"><strong>INDICA\u00c7\u00c3O N\u00ba. 11/2015 \u2013</strong> QUE O\r\n  PODER EXECUTIVO, ATRAV\u00c9S DA SECRETARIA DE INDUSTRIA E COM\u00c9RCIO JUNTAMENTE COM\r\n  AS EMPRESAS, PROPORCIONE: A- TRANSPORTE COLETIVO PARA O DISTRITO INDUSTRIAL.</p>\r\n</td>\r\n</tr>\r\n<tr>\r\n<td>\r\n<p style=\"text-align: justify;\"><strong>INDICA\u00c7\u00c3O N\u00ba. 12/2015 \u2013</strong> QUE O\r\n  PODER EXECUTIVO, ATRAV\u00c9S DA SECRETARIA DE SA\u00daDE, PROVIDENCIE: A- CONV\u00caNIO COM\r\n  CASA DE APOIO AOS PACIENTES NA CIDADE DE PASSO FUNDO.</p>\r\n</td>\r\n</tr>\r\n<tr>\r\n<td>\r\n<p style=\"text-align: justify;\"><strong>INDICA\u00c7\u00c3O N\u00ba. 13/2015 \u2013</strong> QUE O\r\n  PODER EXECUTIVO, ATRAV\u00c9S DA SECRETARIA DE SA\u00daDE, BUSQUE RECURSOS: A- PARA A\r\n  CONSTRU\u00c7\u00c3O DO LAR DO IDOSO.</p>\r\n</td>\r\n</tr>\r\n</tbody>\r\n</table>\r\n<p style=\"text-align: justify;\"><strong>&nbsp;</strong></p>\r\n<p style=\"text-align: justify;\"><strong>PEQUENO EXPEDIENTE (ART.\r\n142 R.I.)</strong></p>\r\n<p style=\"text-align: justify;\">Nesse\r\nespa\u00e7o o vereador poder\u00e1 fazer breves comunica\u00e7\u00f5es ou coment\u00e1rios sobre a\r\nmat\u00e9ria relacionada nas proposi\u00e7\u00f5es apresentadas \u00e0 mesa e proposi\u00e7\u00f5es verbais e\r\npedidos de provid\u00eancias, votos de louvor e de pesar. Tempo = no m\u00e1ximo 5\r\nminutos.</p>\r\n<h1>ORDEM DOS INSCRITOS \u2013&nbsp;&nbsp;&nbsp;&nbsp;&nbsp;&nbsp;&nbsp;&nbsp;&nbsp;&nbsp;&nbsp;&nbsp;&nbsp;&nbsp;&nbsp;&nbsp;&nbsp;&nbsp;&nbsp;&nbsp;&nbsp;&nbsp;&nbsp;</h1>\r\n<table class=\"MsoNormalTable\">\r\n<tbody>\r\n<tr>\r\n<td>\r\n<p style=\"text-align: justify;\">LINDOMAR DURANTI</p>\r\n</td>\r\n</tr>\r\n<tr>\r\n<td>\r\n<p style=\"text-align: justify;\">LIRIO RIGON</p>\r\n</td>\r\n</tr>\r\n<tr>\r\n<td>\r\n<p style=\"text-align: justify;\">ALU\u00cdSIO VALLE</p>\r\n</td>\r\n</tr>\r\n<tr>\r\n<td>\r\n<p style=\"text-align: justify;\">DORVALINO CAZAROTTO</p>\r\n</td>\r\n</tr>\r\n<tr>\r\n<td>\r\n<p style=\"text-align: justify;\">CLEUSA TOMAZELLI</p>\r\n</td>\r\n</tr>\r\n<tr>\r\n<td>\r\n<p style=\"text-align: justify;\">ARI GIACOMINI</p>\r\n</td>\r\n</tr>\r\n<tr>\r\n<td>\r\n<p style=\"text-align: justify;\">MARCIO SARETO</p>\r\n</td>\r\n</tr>\r\n<tr>\r\n<td>\r\n<p style=\"text-align: justify;\">ALMIR VILLA</p>\r\n</td>\r\n</tr>\r\n</tbody>\r\n</table>\r\n<p align=\"left\" class=\"MsoBodyText2\">&nbsp;</p>\r\n<p align=\"left\" class=\"MsoBodyText2\">&nbsp;</p>\r\n<p align=\"left\" class=\"MsoBodyText2\">&nbsp;</p>\r\n<p align=\"left\" class=\"MsoBodyText2\">GRANDE EXPEDIENTE\r\n(ART. 142 3\u00ba R.I.)</p>\r\n<p style=\"text-align: justify;\">Neste\r\nespa\u00e7o o vereador poder\u00e1 comentar assuntos de interesse p\u00fablico em geral.</p>\r\n<h1>ORDEM DOS INSCRITOS \u2013&nbsp;&nbsp;&nbsp;&nbsp;&nbsp;&nbsp;&nbsp;&nbsp;&nbsp;&nbsp;&nbsp;&nbsp;&nbsp;&nbsp;&nbsp;&nbsp;&nbsp;&nbsp;&nbsp;&nbsp;&nbsp;&nbsp;&nbsp;&nbsp;&nbsp;&nbsp;&nbsp;&nbsp;&nbsp;&nbsp;</h1>\r\n<p>&nbsp;</p>\r\n<table class=\"MsoNormalTable\">\r\n<tbody>\r\n<tr>\r\n<td>\r\n<p style=\"text-align: justify;\">LINDOMAR DURANTI</p>\r\n</td>\r\n</tr>\r\n<tr>\r\n<td>\r\n<p style=\"text-align: justify;\">LIRIO RIGON</p>\r\n</td>\r\n</tr>\r\n<tr>\r\n<td>\r\n<p style=\"text-align: justify;\">ALU\u00cdSIO VALLE</p>\r\n</td>\r\n</tr>\r\n<tr>\r\n<td>\r\n<p style=\"text-align: justify;\">DORVALINO CAZAROTTO</p>\r\n</td>\r\n</tr>\r\n<tr>\r\n<td>\r\n<p style=\"text-align: justify;\">CLEUSA TOMAZELLI</p>\r\n</td>\r\n</tr>\r\n<tr>\r\n<td>\r\n<p style=\"text-align: justify;\">ARI GIACOMINI</p>\r\n</td>\r\n</tr>\r\n<tr>\r\n<td>\r\n<p style=\"text-align: justify;\">MARCIO SARETO</p>\r\n</td>\r\n</tr>\r\n<tr>\r\n<td>\r\n<p style=\"text-align: justify;\">ALMIR VILLA</p>\r\n</td>\r\n</tr>\r\n</tbody>\r\n</table>\r\n<h1>&nbsp;</h1>\r\n<h1>INTERVALO REGIMENTAL (ART.\r\n127) \u2013 PODE SER SUSPENSO</h1>\r\n<h2>&nbsp;</h2>\r\n<h2>&nbsp;ORDEM DO DIA</h2>\r\n<table class=\"MsoNormalTable\">\r\n<tbody>\r\n<tr>\r\n<td>\r\n<p style=\"text-align: justify;\"><a name=\"_GoBack\"><strong>PROJETO DE LEI N\u00ba. 65/2015 </strong></a>\u2013 AUTORIZA O PODER EXECUTIVO MUNICIPAL A CONCEDER\r\n  SUBVEN\u00c7\u00c3O SOCIAL AO CTG TAQUARU\u00c7U DE CONSTANTINA/RS E D\u00c1 OUTRAS PROVID\u00caNCIAS.</p>\r\n</td>\r\n</tr>\r\n<tr>\r\n<td>\r\n<p style=\"text-align: justify;\"><strong>PROJETO DE LEI N\u00ba. 66/2015 \u2013</strong> ALTERA A REDA\u00c7\u00c3O DOS INCISOS III E IV DO ART. 14\r\n  DA LEI MUNICIPAL N\u00ba 1.791 DE 26 DE MAR\u00c7O DE 2002 E D\u00c1 OUTRAS PROVID\u00caNCIAS.</p>\r\n</td>\r\n</tr>\r\n<tr>\r\n<td>\r\n<p style=\"text-align: justify;\"><strong>INDICA\u00c7\u00c3O N\u00ba 09/2015 \u2013 </strong>QUE O PODER EXECUTIVO PROVIDENCIE: A- BUSCA DE\r\n  RECURSOS PARA AQUISI\u00c7\u00c3O DE UMA MINICARREGADEIRA.<strong></strong></p>\r\n</td>\r\n</tr>\r\n<tr>\r\n<td>\r\n<p style=\"text-align: justify;\"><strong>INDICA\u00c7\u00c3O N\u00ba. 10/2015 \u2013 </strong>QUE O PODER EXECUTIVO, ATRAV\u00c9S DA SECRETARIA DE\r\n  EDUCA\u00c7\u00c3O E CULTURA PROVIDENCIE: A- VIAGENS TURISTICAS E CULTURAIS PARA OS\r\n  CLUBES DE M\u00c3ES E GRUPOS DE TERCEIRA IDADE.<strong></strong></p>\r\n</td>\r\n</tr>\r\n<tr>\r\n<td>\r\n<p style=\"text-align: justify;\"><strong>INDICA\u00c7\u00c3O N\u00ba. 11/2015 \u2013 </strong>QUE O PODER EXECUTIVO, ATRAV\u00c9S DA SECRETARIA DE\r\n  INDUSTRIA E COM\u00c9RCIO JUNTAMENTE COM AS EMPRESAS, PROPORCIONE: A- TRANSPORTE\r\n  COLETIVO PARA O DISTRITO INDUSTRIAL.<strong></strong></p>\r\n</td>\r\n</tr>\r\n<tr>\r\n<td>\r\n<p style=\"text-align: justify;\"><strong>INDICA\u00c7\u00c3O N\u00ba. 12/2015 \u2013 </strong>QUE O PODER EXECUTIVO, ATRAV\u00c9S DA SECRETARIA DE\r\n  SA\u00daDE, PROVIDENCIE: A- CONV\u00caNIO COM CASA DE APOIO AOS PACIENTES NA CIDADE DE\r\n  PASSO FUNDO.<strong></strong></p>\r\n</td>\r\n</tr>\r\n<tr>\r\n<td>\r\n<p style=\"text-align: justify;\"><strong>INDICA\u00c7\u00c3O N\u00ba. 13/2015 \u2013 </strong>QUE O PODER EXECUTIVO, ATRAV\u00c9S DA SECRETARIA DE\r\n  SA\u00daDE, BUSQUE RECURSOS: A- PARA A CONSTRU\u00c7\u00c3O DO LAR DO IDOSO.<strong></strong></p>\r\n</td>\r\n</tr>\r\n</tbody>\r\n</table>\r\n<p>&nbsp;</p>\r\n<p class=\"MsoBodyText2\">EXPLICA\u00c7\u00d5ES\r\nPESSOAIS (ART. 147 R.I.)</p>\r\n<p style=\"text-align: justify;\">Neste\r\nespa\u00e7o o vereador poder\u00e1 falar sobre v\u00e1rios assuntos livremente</p>\r\n<p style=\"text-align: justify;\">&nbsp;</p>\r\n<table class=\"MsoNormalTable\">\r\n<tbody>\r\n<tr>\r\n<td>\r\n<p style=\"text-align: justify;\">TEMPO A SER DELIMITADO CONFORME O ANDAMENTO\r\n  DA SESS\u00c3O...</p>\r\n<p style=\"text-align: justify;\">ORDEM DOS INSCRITOS<strong></strong></p>\r\n</td>\r\n</tr>\r\n<tr>\r\n<td>\r\n<p style=\"text-align: justify;\">LINDOMAR DURANTI</p>\r\n</td>\r\n</tr>\r\n<tr>\r\n<td>\r\n<p style=\"text-align: justify;\">LIRIO RIGON</p>\r\n</td>\r\n</tr>\r\n<tr>\r\n<td>\r\n<p style=\"text-align: justify;\">ALU\u00cdSIO VALLE</p>\r\n</td>\r\n</tr>\r\n<tr>\r\n<td>\r\n<p style=\"text-align: justify;\">DORVALINO CAZAROTTO</p>\r\n</td>\r\n</tr>\r\n<tr>\r\n<td>\r\n<p style=\"text-align: justify;\">CLEUSA TOMAZELLI</p>\r\n</td>\r\n</tr>\r\n<tr>\r\n<td>\r\n<p style=\"text-align: justify;\">ARI GIACOMINI</p>\r\n</td>\r\n</tr>\r\n<tr>\r\n<td>\r\n<p style=\"text-align: justify;\">MARCIO SARETO</p>\r\n</td>\r\n</tr>\r\n<tr>\r\n<td>\r\n<p style=\"text-align: justify;\">ALMIR VILLA</p>\r\n</td>\r\n</tr>\r\n</tbody>\r\n</table>\r\n<p align=\"center\" style=\"text-align: center;\"><strong>&nbsp;</strong></p>\r\n<p>&nbsp;</p>\r\n<p align=\"center\" style=\"text-align: center;\"><strong>ENCERRAMENTO DA SESS\u00c3O.</strong></p>\r\n", "author_name": "fernandamarcondes", "version": "1.0", "author_url": "https://www.constantina.rs.leg.br/author/fernandamarcondes", "provider_name": "C\u00e2mara Municipal", "type": "rich"}