{"provider_url": "https://www.constantina.rs.leg.br", "title": "16\u00aa Sess\u00e3o Ordin\u00e1ria Hoje", "html": "\r\n<p>Acontece hoje a tarde (21/09/15) a 16\u00aa Sess\u00e3o Ordin\u00e1ria com in\u00edcio as 18h. Na C\u00e2mara de Vereadores. Toda a comunidade est\u00e1 convidada a participar!</p>\r\n<p><em>ROTEIRO DOS TRABALHOS\r\nDOS VEREADORES</em></p>\r\n<p style=\"text-align: justify;\">&nbsp;</p>\r\n<p style=\"text-align: justify;\"><strong><em>16\u00aa - SESS\u00c3O ORDIN\u00c1RIA</em></strong></p>\r\n<p style=\"text-align: justify;\"><strong><em>03\u00aa - SESS\u00c3O LEGISLATIVA ORDIN\u00c1RIA</em></strong></p>\r\n<p style=\"text-align: justify;\"><strong><em>13\u00aa - LEGISLATURA - DATA \u2013 21 DE SETEMBRO DE 2015 \u2013 18h \u2013\r\nSEGUNDA-FEIRA</em></strong></p>\r\n<p style=\"text-align: justify;\">&nbsp;</p>\r\n<p style=\"text-align: justify;\">VERIFICA\u00c7\u00c3O\r\nDE \u201cQUORUM REGIMENTAL\u201d</p>\r\n<p style=\"text-align: justify;\">&nbsp;</p>\r\n<p style=\"text-align: justify;\">&nbsp;</p>\r\n<p style=\"text-align: justify;\">LEITURA\r\nDE UM TRECHO DA B\u00cdBLIA&nbsp;&nbsp; -&nbsp;&nbsp;&nbsp; <strong>VER. </strong><strong>MARCIO SARETO</strong></p>\r\n<p style=\"text-align: justify;\"><strong>&nbsp;</strong></p>\r\n<p style=\"text-align: justify;\"><strong>EXPEDIENTE\r\n(ART. 139 R.I.)</strong></p>\r\n<p style=\"text-align: justify;\"><strong><u>PROPOSI\u00c7\u00d5ES APRESENTADAS \u00c0 MESA: </u></strong></p>\r\n<table class=\"MsoNormalTable\">\r\n<tbody>\r\n<tr>\r\n<td>\r\n<p style=\"text-align: justify;\"><strong>OF. GAB. N\u00ba. 336/2015 \u2013 </strong>ENVIA O\r\n  PROJETO DE LEI N\u00ba. 69/2015 PARA APRECIA\u00c7\u00c3O DO PODER LEGISLATIVO SOLICITANDO\r\n  QUE O MESMO SEJA APRECIADO EM REGIME DE URG\u00caNCIA.<strong></strong></p>\r\n</td>\r\n</tr>\r\n<tr>\r\n<td>\r\n<p style=\"text-align: justify;\"><strong>PROJETO DE LEI N\u00ba. 68/2015 </strong>\u2013 AUTORIZA\r\n  O PODER EXECUTIVO A FIRMAR TERMO DE COMPROMISSO COM A ASSOCIA\u00c7\u00c3O\r\n  UNIVERSIT\u00c1RIA E CULTURAL DE CONSTANTINA - AUCC E D\u00c1 OUTRAS PROVID\u00caNCIAS.</p>\r\n</td>\r\n</tr>\r\n<tr>\r\n<td>\r\n<p style=\"text-align: justify;\"><strong>PROJETO DE LEI N\u00ba. 69/2015 \u2013</strong> AUTORIZA\r\n  A INSTITUI\u00c7\u00c3O DE REGIME ESPECIAL DE TRABALHO, COM ADEQUA\u00c7\u00c3O DA REMUNERA\u00c7\u00c3O\r\n  DOS CARGOS EM COMISS\u00c3O, FUN\u00c7\u00d5ES GRATIFICADAS, GRATIFICA\u00c7\u00c3O DE FUN\u00c7\u00c3O E\r\n  GRATIFICA\u00c7\u00d5ES E D\u00c1 OUTRAS PROVID\u00caNCIAS.</p>\r\n</td>\r\n</tr>\r\n<tr>\r\n<td>\r\n<p style=\"text-align: justify;\"><strong>PROJETO DE LEI DO LEGISLATIVO N\u00ba. 12/2015 \u2013</strong> CRIA A\r\n  COMISS\u00c3O DISCIPLINAR ESPORTIVA DO MUNIC\u00cdPIO DE CONSTANTINA \u2013 RS.</p>\r\n</td>\r\n</tr>\r\n<tr>\r\n<td>\r\n<p style=\"text-align: justify;\"><strong>PEDIDO DE INFORMA\u00c7\u00c3O N\u00ba. 06/2015 \u2013</strong> QUE\r\n  CONSIDERANDO O REPASSE DE RECURSOS P\u00daBLICOS, O CTG TAQUARU\u00c7U ENVIE PARA A\r\n  C\u00c2MARA OS SEGUINTES DOCUMENTOS E/OU INFORMA\u00c7\u00d5ES: 1- INFORMA\u00c7\u00d5ES SOBRE A\r\n  SEMANA FARROUPILHA \u2013 PRESTA\u00c7\u00c3O DE CONTAS DETALHADA DE TODAS AS RECEITAS E\r\n  DESPESAS DA SEMANA FARROUPILHA DE 2014; - PRESTA\u00c7\u00c3O DE CONTAS DETALHADA DE\r\n  TODAS AS RECEITAS E DESPESAS DA SEMANA FARROUPILHA DE 2015, QUE DEVER\u00c1 SER\r\n  ENVIADA PARA A C\u00c2MARA AT\u00c9 O DIA 25 DE OUTUBRO DE 2015.</p>\r\n</td>\r\n</tr>\r\n<tr>\r\n<td>\r\n<p style=\"text-align: justify;\"><strong>INDICA\u00c7\u00c3O N\u00ba 14/2015 \u2013</strong> QUE O\r\n  PODER EXECUTIVO ATRAV\u00c9S DA SECRETARIA DE OBRAS E VIA\u00c7\u00c3O: A- PROMOVA O\r\n  ASFALTAMENTO DA RUA ALBERTO PASQUALINI, ENTRE A ESCOLA S\u00c3O JOS\u00c9 E A DELEGACIA\r\n  DE POL\u00cdCIA.</p>\r\n</td>\r\n</tr>\r\n<tr>\r\n<td>\r\n<p style=\"text-align: justify;\"><strong>INDICA\u00c7\u00c3O N\u00ba 15/2015 \u2013</strong> QUE O\r\n  PODER EXECUTIVO, CONSTRUA A- UMA QUADRA DE FUTEBOL SETE AO LADO DO PAVILH\u00c3O\r\n  ERNESTO CENCI.</p>\r\n</td>\r\n</tr>\r\n</tbody>\r\n</table>\r\n<p style=\"text-align: justify;\"><strong>&nbsp;</strong></p>\r\n<p style=\"text-align: justify;\"><strong>PEQUENO EXPEDIENTE (ART.\r\n142 R.I.)</strong></p>\r\n<p style=\"text-align: justify;\">Nesse\r\nespa\u00e7o o vereador poder\u00e1 fazer breves comunica\u00e7\u00f5es ou coment\u00e1rios sobre a\r\nmat\u00e9ria relacionada nas proposi\u00e7\u00f5es apresentadas \u00e0 mesa e proposi\u00e7\u00f5es verbais e\r\npedidos de provid\u00eancias, votos de louvor e de pesar. Tempo = no m\u00e1ximo 5\r\nminutos.</p>\r\n<h1>ORDEM DOS INSCRITOS \u2013&nbsp;&nbsp;&nbsp;&nbsp;&nbsp;&nbsp;&nbsp;&nbsp;&nbsp;&nbsp;&nbsp;&nbsp;&nbsp;&nbsp;&nbsp;&nbsp;&nbsp;&nbsp;&nbsp;&nbsp;&nbsp;&nbsp;&nbsp;</h1>\r\n<p>&nbsp;</p>\r\n<table class=\"MsoNormalTable\">\r\n<tbody>\r\n<tr>\r\n<td>\r\n<p style=\"text-align: justify;\">ALMIR VILLA</p>\r\n</td>\r\n</tr>\r\n<tr>\r\n<td>\r\n<p style=\"text-align: justify;\">LINDOMAR DURANTI</p>\r\n</td>\r\n</tr>\r\n<tr>\r\n<td>\r\n<p style=\"text-align: justify;\">DORVALINO CAZAROTTO</p>\r\n</td>\r\n</tr>\r\n<tr>\r\n<td>\r\n<p style=\"text-align: justify;\">ALU\u00cdSIO VALLE</p>\r\n</td>\r\n</tr>\r\n<tr>\r\n<td>\r\n<p style=\"text-align: justify;\">EDEMAR MUNERON</p>\r\n</td>\r\n</tr>\r\n<tr>\r\n<td>\r\n<p style=\"text-align: justify;\">CLEUSA TOMAZELLI</p>\r\n</td>\r\n</tr>\r\n<tr>\r\n<td>\r\n<p style=\"text-align: justify;\">ARI GIACOMINI</p>\r\n</td>\r\n</tr>\r\n<tr>\r\n<td>\r\n<p style=\"text-align: justify;\">MARCIO SARETO</p>\r\n</td>\r\n</tr>\r\n</tbody>\r\n</table>\r\n<p align=\"left\" class=\"MsoBodyText2\">&nbsp;</p>\r\n<p align=\"left\" class=\"MsoBodyText2\">&nbsp;</p>\r\n<p align=\"left\" class=\"MsoBodyText2\">&nbsp;</p>\r\n<p align=\"left\" class=\"MsoBodyText2\">GRANDE EXPEDIENTE\r\n(ART. 142 3\u00ba R.I.)</p>\r\n<p style=\"text-align: justify;\">Neste\r\nespa\u00e7o o vereador poder\u00e1 comentar assuntos de interesse p\u00fablico em geral.</p>\r\n<h1>ORDEM DOS INSCRITOS \u2013&nbsp;&nbsp;&nbsp;&nbsp;&nbsp;&nbsp;&nbsp;&nbsp;&nbsp;&nbsp;&nbsp;&nbsp;&nbsp;&nbsp;&nbsp;&nbsp;&nbsp;&nbsp;&nbsp;&nbsp;&nbsp;&nbsp;&nbsp;&nbsp;&nbsp;&nbsp;&nbsp;&nbsp;&nbsp;&nbsp;</h1>\r\n<p>&nbsp;</p>\r\n<table class=\"MsoNormalTable\">\r\n<tbody>\r\n<tr>\r\n<td>\r\n<p style=\"text-align: justify;\">ALMIR VILLA</p>\r\n</td>\r\n</tr>\r\n<tr>\r\n<td>\r\n<p style=\"text-align: justify;\">LINDOMAR DURANTI</p>\r\n</td>\r\n</tr>\r\n<tr>\r\n<td>\r\n<p style=\"text-align: justify;\">DORVALINO CAZAROTTO</p>\r\n</td>\r\n</tr>\r\n<tr>\r\n<td>\r\n<p style=\"text-align: justify;\">ALU\u00cdSIO VALLE</p>\r\n</td>\r\n</tr>\r\n<tr>\r\n<td>\r\n<p style=\"text-align: justify;\">EDEMAR MUNERON</p>\r\n</td>\r\n</tr>\r\n<tr>\r\n<td>\r\n<p style=\"text-align: justify;\">CLEUSA TOMAZELLI</p>\r\n</td>\r\n</tr>\r\n<tr>\r\n<td>\r\n<p style=\"text-align: justify;\">ARI GIACOMINI</p>\r\n</td>\r\n</tr>\r\n<tr>\r\n<td>\r\n<p style=\"text-align: justify;\">MARCIO SARETO</p>\r\n</td>\r\n</tr>\r\n</tbody>\r\n</table>\r\n<h1>&nbsp;</h1>\r\n<h1>INTERVALO REGIMENTAL (ART.\r\n127) \u2013 PODE SER SUSPENSO</h1>\r\n<h2>&nbsp;</h2>\r\n<h2>&nbsp;</h2>\r\n<h2>&nbsp;ORDEM DO DIA</h2>\r\n<h2>\r\n<table class=\"MsoNormalTable\">\r\n<tbody>\r\n<tr>\r\n<td>\r\n<p style=\"text-align: justify;\"><strong>PROJETO DE LEI N\u00ba. 67/2015 \u2013</strong> D\u00c1 NOVA\r\n  REDA\u00c7\u00c3O A ALINEA d, DO INCISO II DO ARTIGO 4\u00ba DA LEI MUNICIPAL N\u00ba 2.052/04 E\r\n  D\u00c1 OUTRAS PROVID\u00caNCIAS.</p>\r\n</td>\r\n</tr>\r\n<tr>\r\n<td>\r\n<p style=\"text-align: justify;\"><strong>PROJETO DE LEI N\u00ba. 68/2015 </strong>\u2013 AUTORIZA\r\n  O PODER EXECUTIVO A FIRMAR TERMO DE COMPROMISSO COM A ASSOCIA\u00c7\u00c3O\r\n  UNIVERSIT\u00c1RIA E CULTURAL DE CONSTANTINA - AUCC E D\u00c1 OUTRAS PROVID\u00caNCIAS.</p>\r\n</td>\r\n</tr>\r\n<tr>\r\n<td>\r\n<p style=\"text-align: justify;\"><strong>PROJETO DE DECRETO LEGISLATIVO N\u00ba. 04/2015 \u2013</strong> APROVA AS\r\n  CONTAS DO PREFEITO MUNICIPAL DO EXERC\u00cdCIO DE 2013.</p>\r\n</td>\r\n</tr>\r\n<tr>\r\n<td>\r\n<p style=\"text-align: justify;\"><strong>PEDIDO DE INFORMA\u00c7\u00c3O N\u00ba. 06/2015 \u2013 </strong>QUE\r\n  CONSIDERANDO O REPASSE DE RECURSOS P\u00daBLICOS, O CTG TAQUARU\u00c7U ENVIE PARA A\r\n  C\u00c2MARA OS SEGUINTES DOCUMENTOS E/OU INFORMA\u00c7\u00d5ES: 1- <strong>INFORMA\u00c7\u00d5ES SOBRE A\r\n  SEMANA FARROUPILHA</strong> \u2013 PRESTA\u00c7\u00c3O DE CONTAS DETALHADA DE TODAS AS RECEITAS E\r\n  DESPESAS DA SEMANA FARROUPILHA DE 2014; - PRESTA\u00c7\u00c3O DE CONTAS DETALHADA DE\r\n  TODAS AS RECEITAS E DESPESAS DA SEMANA FARROUPILHA DE 2015, QUE DEVER\u00c1 SER\r\n  ENVIADA PARA A C\u00c2MARA AT\u00c9 O DIA 25 DE OUTUBRO DE 2015.<strong></strong></p>\r\n</td>\r\n</tr>\r\n<tr>\r\n<td>\r\n<p style=\"text-align: justify;\"><strong>INDICA\u00c7\u00c3O N\u00ba 14/2015 \u2013 </strong>QUE O\r\n  PODER EXECUTIVO ATRAV\u00c9S DA SECRETARIA DE OBRAS E VIA\u00c7\u00c3O: A- PROMOVA O\r\n  ASFALTAMENTO DA RUA ALBERTO PASQUALINI, ENTRE A ESCOLA S\u00c3O JOS\u00c9 E A DELEGACIA\r\n  DE POL\u00cdCIA.<strong></strong></p>\r\n</td>\r\n</tr>\r\n<tr>\r\n<td>\r\n<p style=\"text-align: justify;\"><strong>INDICA\u00c7\u00c3O N\u00ba 15/2015 \u2013 </strong>QUE O\r\n  PODER EXECUTIVO, CONSTRUA A- UMA QUADRA DE FUTEBOL SETE AO LADO DO PAVILH\u00c3O\r\n  ERNESTO CENCI.<strong></strong></p>\r\n</td>\r\n</tr>\r\n</tbody>\r\n</table>\r\n<p>&nbsp;</p>\r\n<p class=\"MsoBodyText2\">EXPLICA\u00c7\u00d5ES\r\nPESSOAIS (ART. 147 R.I.)</p>\r\n<p style=\"text-align: justify;\">Neste\r\nespa\u00e7o o vereador poder\u00e1 falar sobre v\u00e1rios assuntos livremente</p>\r\n<p style=\"text-align: justify;\">&nbsp;</p>\r\n<table class=\"MsoNormalTable\">\r\n<tbody>\r\n<tr>\r\n<td>\r\n<p style=\"text-align: justify;\">TEMPO A SER DELIMITADO CONFORME O ANDAMENTO\r\n  DA SESS\u00c3O...</p>\r\n<p style=\"text-align: justify;\">ORDEM DOS INSCRITOS<strong></strong></p>\r\n</td>\r\n</tr>\r\n<tr>\r\n<td>\r\n<p style=\"text-align: justify;\">ALMIR VILLA</p>\r\n</td>\r\n</tr>\r\n<tr>\r\n<td>\r\n<p style=\"text-align: justify;\">LINDOMAR DURANTI</p>\r\n</td>\r\n</tr>\r\n<tr>\r\n<td>\r\n<p style=\"text-align: justify;\">DORVALINO CAZAROTTO</p>\r\n</td>\r\n</tr>\r\n<tr>\r\n<td>\r\n<p style=\"text-align: justify;\">ALU\u00cdSIO VALLE</p>\r\n</td>\r\n</tr>\r\n<tr>\r\n<td>\r\n<p style=\"text-align: justify;\">EDEMAR MUNERON</p>\r\n</td>\r\n</tr>\r\n<tr>\r\n<td>\r\n<p style=\"text-align: justify;\">CLEUSA TOMAZELLI</p>\r\n</td>\r\n</tr>\r\n<tr>\r\n<td>\r\n<p style=\"text-align: justify;\">ARI GIACOMINI</p>\r\n</td>\r\n</tr>\r\n<tr>\r\n<td>\r\n<p style=\"text-align: justify;\">MARCIO SARETO</p>\r\n</td>\r\n</tr>\r\n</tbody>\r\n</table>\r\n<p align=\"center\" style=\"text-align: center;\"><strong>&nbsp;</strong></p>\r\n<p align=\"center\" style=\"text-align: center;\"><strong>ENCERRAMENTO DA SESS\u00c3O.</strong><a name=\"_GoBack\"></a></p>\r\n</h2>\r\n", "author_name": "fernandamarcondes", "version": "1.0", "author_url": "https://www.constantina.rs.leg.br/author/fernandamarcondes", "provider_name": "C\u00e2mara Municipal", "type": "rich"}