{"provider_url": "https://www.constantina.rs.leg.br", "title": "17\u00aa Sess\u00e3o Ordin\u00e1ria (Hoje 05/10/15) ", "html": "\r\n<p>Acontece hoje a tarde (05/10/15) a 17\u00aa Sess\u00e3o Ordin\u00e1ria na C\u00e2mara de Vereadores com in\u00edcio as 18h. Toda a comunidade est\u00e1 convidada a participar. Abaixo o Roteiro da Sess\u00e3o:</p>\r\n<p><em>ROTEIRO DOS TRABALHOS\r\nDOS VEREADORES</em></p>\r\n<p style=\"text-align: justify;\">&nbsp;</p>\r\n<p style=\"text-align: justify;\"><strong><em>17\u00aa - SESS\u00c3O ORDIN\u00c1RIA</em></strong></p>\r\n<p style=\"text-align: justify;\"><strong><em>03\u00aa - SESS\u00c3O LEGISLATIVA ORDIN\u00c1RIA</em></strong></p>\r\n<p style=\"text-align: justify;\"><strong><em>13\u00aa - LEGISLATURA - DATA \u2013 05 DE OUTUBRO DE 2015 \u2013 18h \u2013 SEGUNDA-FEIRA</em></strong></p>\r\n<p style=\"text-align: justify;\">&nbsp;</p>\r\n<p style=\"text-align: justify;\">VERIFICA\u00c7\u00c3O\r\nDE \u201cQUORUM REGIMENTAL\u201d</p>\r\n<p style=\"text-align: justify;\">Cantar\r\no hino</p>\r\n<p style=\"text-align: justify;\">&nbsp;</p>\r\n<p style=\"text-align: justify;\">LEITURA\r\nDE UM TRECHO DA B\u00cdBLIA&nbsp;&nbsp; -&nbsp;&nbsp;&nbsp; <strong>VER. </strong><strong>ARI GIACOMINI</strong></p>\r\n<p style=\"text-align: justify;\"><strong>&nbsp;</strong></p>\r\n<p style=\"text-align: justify;\"><strong>EXPEDIENTE\r\n(ART. 139 R.I.)</strong></p>\r\n<p style=\"text-align: justify;\"><strong><u>PROPOSI\u00c7\u00d5ES APRESENTADAS \u00c0 MESA: </u></strong></p>\r\n<table class=\"MsoNormalTable\">\r\n<tbody>\r\n<tr>\r\n<td>\r\n<p style=\"text-align: justify;\"><strong>OF. GAB. N\u00ba. 353/2015 \u2013 </strong>ENVIA O\r\n  PROJETO DE LEI N\u00ba. 71/2015 PARA APRECIA\u00c7\u00c3O DO PODER LEGISLATIVO.<strong></strong></p>\r\n</td>\r\n</tr>\r\n<tr>\r\n<td>\r\n<p style=\"text-align: justify;\"><strong>PROJETO DE LEI N\u00ba. 71/2015 </strong>\u2013 RATIFICA\r\n  TERMO DE CONV\u00caNIO N\u00ba 302/2015 E D\u00c1 OUTRAS PROVID\u00caNCIAS.</p>\r\n</td>\r\n</tr>\r\n<tr>\r\n<td>\r\n<p style=\"text-align: justify;\"><strong>PROJETO DE RESOLU\u00c7\u00c3O N\u00ba. 01/2015 \u2013</strong> AUTORIZA O\r\n  PODER EXECUTIVO MUNICIPAL A RETER VALORES DO DUOD\u00c9CIMO DO PODER LEGISLATIVO\r\n  PARA FINS DE APOIO A AHCROS.</p>\r\n</td>\r\n</tr>\r\n<tr>\r\n<td>\r\n<p style=\"text-align: justify;\"><strong>INDICA\u00c7\u00c3O N\u00ba 16/2015 \u2013</strong> QUE O\r\n  PODER EXECUTIVO A INSTALA\u00c7\u00c3O DE ENERGIA EL\u00c9TRICA E REDE DE \u00c1GUA NOS TERRENOS\r\n  DOS FUNDOS DO DISTRITO INDUSTRIAL EM PARCERIA EM PARCERIA COM AS EMPRESAS\r\n  BENEFICIARIAS.</p>\r\n</td>\r\n</tr>\r\n<tr>\r\n<td>\r\n<p style=\"text-align: justify;\"><strong>INDICA\u00c7\u00c3O N\u00ba 17/2015 \u2013</strong> QUE O\r\n  PODER EXECUTIVO, A CRIA\u00c7\u00c3O DE UM PROGRAMA DE MAPEAMENTO DE COSTUREIRAS E\r\n  POSTERIORMENTE FOMENTE A ATIVIDADE DE COSTURA ATRAV\u00c9S DO COMODATO DAS\r\n  M\u00c1QUINAS DE COSTURAS DE PROPRIEDADE DO MUNIC\u00cdPIO.</p>\r\n</td>\r\n</tr>\r\n</tbody>\r\n</table>\r\n<p style=\"text-align: justify;\"><strong>&nbsp;</strong></p>\r\n<p style=\"text-align: justify;\"><strong>PEQUENO EXPEDIENTE (ART.\r\n142 R.I.)</strong></p>\r\n<p style=\"text-align: justify;\">Nesse\r\nespa\u00e7o o vereador poder\u00e1 fazer breves comunica\u00e7\u00f5es ou coment\u00e1rios sobre a\r\nmat\u00e9ria relacionada nas proposi\u00e7\u00f5es apresentadas \u00e0 mesa e proposi\u00e7\u00f5es verbais e\r\npedidos de provid\u00eancias, votos de louvor e de pesar. Tempo = no m\u00e1ximo 5\r\nminutos.</p>\r\n<h1>ORDEM DOS INSCRITOS \u2013&nbsp;&nbsp;&nbsp;&nbsp;&nbsp;&nbsp;&nbsp;&nbsp;&nbsp;&nbsp;&nbsp;&nbsp;&nbsp;&nbsp;&nbsp;&nbsp;&nbsp;&nbsp;&nbsp;&nbsp;&nbsp;&nbsp;&nbsp;</h1>\r\n<p>&nbsp;</p>\r\n<table class=\"MsoNormalTable\">\r\n<tbody>\r\n<tr>\r\n<td>\r\n<p style=\"text-align: justify;\">MARCIO SARETO</p>\r\n</td>\r\n</tr>\r\n<tr>\r\n<td>\r\n<p style=\"text-align: justify;\">ALMIR VILLA</p>\r\n</td>\r\n</tr>\r\n<tr>\r\n<td>\r\n<p style=\"text-align: justify;\">LINDOMAR DURANTI</p>\r\n</td>\r\n</tr>\r\n<tr>\r\n<td>\r\n<p style=\"text-align: justify;\">LIRIO RIGON</p>\r\n</td>\r\n</tr>\r\n<tr>\r\n<td>\r\n<p style=\"text-align: justify;\">ALU\u00cdSIO VALLE</p>\r\n</td>\r\n</tr>\r\n<tr>\r\n<td>\r\n<p style=\"text-align: justify;\">EDEMAR MUNERON</p>\r\n</td>\r\n</tr>\r\n<tr>\r\n<td>\r\n<p style=\"text-align: justify;\">CLEUSA TOMAZELLI</p>\r\n</td>\r\n</tr>\r\n<tr>\r\n<td>\r\n<p style=\"text-align: justify;\">ARI GIACOMINI</p>\r\n</td>\r\n</tr>\r\n</tbody>\r\n</table>\r\n<p align=\"left\" class=\"MsoBodyText2\"><a name=\"_GoBack\"></a>&nbsp;</p>\r\n<p align=\"left\" class=\"MsoBodyText2\">GRANDE EXPEDIENTE\r\n(ART. 142 3\u00ba R.I.)</p>\r\n<p style=\"text-align: justify;\">Neste\r\nespa\u00e7o o vereador poder\u00e1 comentar assuntos de interesse p\u00fablico em geral.</p>\r\n<h1>ORDEM DOS INSCRITOS \u2013&nbsp;&nbsp;&nbsp;&nbsp;&nbsp;&nbsp;&nbsp;&nbsp;&nbsp;&nbsp;&nbsp;&nbsp;&nbsp;&nbsp;&nbsp;&nbsp;&nbsp;&nbsp;&nbsp;&nbsp;&nbsp;&nbsp;&nbsp;&nbsp;&nbsp;&nbsp;&nbsp;&nbsp;&nbsp;&nbsp;</h1>\r\n<p>&nbsp;</p>\r\n<table class=\"MsoNormalTable\">\r\n<tbody>\r\n<tr>\r\n<td>\r\n<p style=\"text-align: justify;\">MARCIO SARETO</p>\r\n</td>\r\n</tr>\r\n<tr>\r\n<td>\r\n<p style=\"text-align: justify;\">ALMIR VILLA</p>\r\n</td>\r\n</tr>\r\n<tr>\r\n<td>\r\n<p style=\"text-align: justify;\">LINDOMAR DURANTI</p>\r\n</td>\r\n</tr>\r\n<tr>\r\n<td>\r\n<p style=\"text-align: justify;\">LIRIO RIGON</p>\r\n</td>\r\n</tr>\r\n<tr>\r\n<td>\r\n<p style=\"text-align: justify;\">ALU\u00cdSIO VALLE</p>\r\n</td>\r\n</tr>\r\n<tr>\r\n<td>\r\n<p style=\"text-align: justify;\">EDEMAR MUNERON</p>\r\n</td>\r\n</tr>\r\n<tr>\r\n<td>\r\n<p style=\"text-align: justify;\">CLEUSA TOMAZELLI</p>\r\n</td>\r\n</tr>\r\n<tr>\r\n<td>\r\n<p style=\"text-align: justify;\">ARI GIACOMINI</p>\r\n</td>\r\n</tr>\r\n</tbody>\r\n</table>\r\n<h1>&nbsp;</h1>\r\n<h1>INTERVALO REGIMENTAL (ART.\r\n127) \u2013 PODE SER SUSPENSO</h1>\r\n<h2>&nbsp;</h2>\r\n<h2>&nbsp;ORDEM DO DIA</h2>\r\n<table class=\"MsoNormalTable\">\r\n<tbody>\r\n<tr>\r\n<td>\r\n<p style=\"text-align: justify;\"><strong>PROJETO DE LEI N\u00ba. 71/2015 </strong>\u2013 RATIFICA\r\n  TERMO DE CONV\u00caNIO N\u00ba 302/2015 E D\u00c1 OUTRAS PROVID\u00caNCIAS.</p>\r\n</td>\r\n</tr>\r\n<tr>\r\n<td>\r\n<p style=\"text-align: justify;\"><strong>PROJETO DE LEI DO LEGISLATIVO N\u00ba. 12/2015 \u2013</strong> CRIA A\r\n  COMISS\u00c3O DISCIPLINAR ESPORTIVA DO MUNIC\u00cdPIO DE CONSTANTINA \u2013 RS.</p>\r\n</td>\r\n</tr>\r\n<tr>\r\n<td>\r\n<p style=\"text-align: justify;\"><strong>PROJETO DE RESOLU\u00c7\u00c3O N\u00ba. 01/2015 \u2013</strong> AUTORIZA\r\n  O PODER EXECUTIVO MUNICIPAL A RETER VALORES DO DUOD\u00c9CIMO DO PODER LEGISLATIVO\r\n  PARA FINS DE APOIO A AHCROS.</p>\r\n</td>\r\n</tr>\r\n<tr>\r\n<td>\r\n<p style=\"text-align: justify;\"><strong>INDICA\u00c7\u00c3O N\u00ba 16/2015 \u2013 </strong>QUE O\r\n  PODER EXECUTIVO A INSTALA\u00c7\u00c3O DE ENERGIA EL\u00c9TRICA E REDE DE \u00c1GUA NOS TERRENOS\r\n  DOS FUNDOS DO DISTRITO INDUSTRIAL EM PARCERIA EM PARCERIA COM AS EMPRESAS\r\n  BENEFICIARIAS.<strong></strong></p>\r\n</td>\r\n</tr>\r\n<tr>\r\n<td>\r\n<p style=\"text-align: justify;\"><strong>INDICA\u00c7\u00c3O N\u00ba 17/2015 \u2013 </strong>QUE O\r\n  PODER EXECUTIVO, A CRIA\u00c7\u00c3O DE UM PROGRAMA DE MAPEAMENTO DE COSTUREIRAS E\r\n  POSTERIORMENTE FOMENTE A ATIVIDADE DE COSTURA ATRAV\u00c9S DO COMODATO DAS\r\n  M\u00c1QUINAS DE COSTURAS DE PROPRIEDADE DO MUNIC\u00cdPIO.<strong></strong></p>\r\n</td>\r\n</tr>\r\n</tbody>\r\n</table>\r\n<p>&nbsp;</p>\r\n<p class=\"MsoBodyText2\">EXPLICA\u00c7\u00d5ES\r\nPESSOAIS (ART. 147 R.I.)</p>\r\n<p style=\"text-align: justify;\">Neste\r\nespa\u00e7o o vereador poder\u00e1 falar sobre v\u00e1rios assuntos livremente</p>\r\n<p style=\"text-align: justify;\">&nbsp;</p>\r\n<table class=\"MsoNormalTable\">\r\n<tbody>\r\n<tr>\r\n<td>\r\n<p style=\"text-align: justify;\">TEMPO A SER DELIMITADO CONFORME O ANDAMENTO\r\n  DA SESS\u00c3O...</p>\r\n<p style=\"text-align: justify;\">ORDEM DOS INSCRITOS<strong></strong></p>\r\n</td>\r\n</tr>\r\n<tr>\r\n<td>\r\n<p style=\"text-align: justify;\">MARCIO SARETO</p>\r\n</td>\r\n</tr>\r\n<tr>\r\n<td>\r\n<p style=\"text-align: justify;\">ALMIR VILLA</p>\r\n</td>\r\n</tr>\r\n<tr>\r\n<td>\r\n<p style=\"text-align: justify;\">LINDOMAR DURANTI</p>\r\n</td>\r\n</tr>\r\n<tr>\r\n<td>\r\n<p style=\"text-align: justify;\">LIRIO RIGON</p>\r\n</td>\r\n</tr>\r\n<tr>\r\n<td>\r\n<p style=\"text-align: justify;\">ALU\u00cdSIO VALLE</p>\r\n</td>\r\n</tr>\r\n<tr>\r\n<td>\r\n<p style=\"text-align: justify;\">EDEMAR MUNERON</p>\r\n</td>\r\n</tr>\r\n<tr>\r\n<td>\r\n<p style=\"text-align: justify;\">CLEUSA TOMAZELLI</p>\r\n</td>\r\n</tr>\r\n<tr>\r\n<td>\r\n<p style=\"text-align: justify;\">ARI GIACOMINI</p>\r\n</td>\r\n</tr>\r\n</tbody>\r\n</table>\r\n<p align=\"center\" style=\"text-align: center;\"><strong>&nbsp;</strong></p>\r\n<p align=\"center\" style=\"text-align: center;\"><strong>ENCERRAMENTO DA SESS\u00c3O.</strong></p>\r\n<p>&nbsp;</p>\r\n<p>&nbsp;</p>\r\n", "author_name": "fernandamarcondes", "version": "1.0", "author_url": "https://www.constantina.rs.leg.br/author/fernandamarcondes", "provider_name": "C\u00e2mara Municipal", "type": "rich"}