{"provider_url": "https://www.constantina.rs.leg.br", "title": "19\u00aa Sess\u00e3o Ordin\u00e1ria Hoje (03-11-15)", "html": "\r\n<p>Acontece Hoje a tarde (03/11/2015) a 19\u00aa Sess\u00e3o Ordin\u00e1ria na C\u00e2mara Municipal de Vereadores com in\u00edcio as 18h. Toda a comunidade est\u00e1 convidada a participar. Abaixo o roteiro da sess\u00e3o:</p>\r\n<p><em>ROTEIRO DOS TRABALHOS\r\nDOS VEREADORES</em></p>\r\n<p style=\"text-align: justify;\">&nbsp;</p>\r\n<p style=\"text-align: justify;\"><strong><em>19\u00aa - SESS\u00c3O ORDIN\u00c1RIA</em></strong></p>\r\n<p style=\"text-align: justify;\"><strong><em>03\u00aa - SESS\u00c3O LEGISLATIVA ORDIN\u00c1RIA</em></strong></p>\r\n<p style=\"text-align: justify;\"><strong><em>13\u00aa - LEGISLATURA - DATA \u2013 03 DE NOVEMBRO DE 2015 \u2013 18h \u2013\r\nTER\u00c7A-FEIRA</em></strong></p>\r\n<p style=\"text-align: justify;\">&nbsp;</p>\r\n<p style=\"text-align: justify;\">VERIFICA\u00c7\u00c3O\r\nDE \u201cQUORUM REGIMENTAL\u201d</p>\r\n<p style=\"text-align: justify;\">CANTAR\r\nO HINO DO MUNIC\u00cdPIO</p>\r\n<p style=\"text-align: justify;\">LEITURA\r\nDE UM TRECHO DA B\u00cdBLIA&nbsp;&nbsp; -&nbsp;&nbsp;&nbsp; <strong>VER. </strong><strong>EDEMAR MUNERON</strong></p>\r\n<p style=\"text-align: justify;\"><strong>&nbsp;</strong></p>\r\n<p style=\"text-align: justify;\"><strong>EXPEDIENTE\r\n(ART. 139 R.I.)</strong></p>\r\n<p style=\"text-align: justify;\"><strong><u>PROPOSI\u00c7\u00d5ES APRESENTADAS \u00c0 MESA: </u></strong></p>\r\n<table class=\"MsoNormalTable\">\r\n<tbody>\r\n<tr>\r\n<td>\r\n<p style=\"text-align: justify;\"><strong>OF. GAB. N\u00ba. 418/2015 \u2013 </strong>ENVIA OS\r\n  PROJETOS<a name=\"_GoBack\"></a> DE LEI N\u00ba. 74 E 75/2015 PARA APRECIA\u00c7\u00c3O DO\r\n  PODER LEGISLATIVO SOLICITANDO QUE O PROJETO DE LEI N\u00ba. 75/2015 SEJA APRECIADO\r\n  EM REGIME DE URG\u00caNCIA.<strong></strong></p>\r\n</td>\r\n</tr>\r\n<tr>\r\n<td>\r\n<p style=\"text-align: justify;\"><strong>OF. GAB. N\u00ba. 421/2015 \u2013 </strong>ENVIA O\r\n  PROJETO DE LEI N\u00ba. 76/2015 PARA APRECIA\u00c7\u00c3O DO LEGISLATIVO E SOLICITA QUE O\r\n  MESMO SEJA APRECIADO EM REGIME DE URG\u00caNCIA.</p>\r\n</td>\r\n</tr>\r\n<tr>\r\n<td>\r\n<p style=\"text-align: justify;\"><strong>PROJETO DE LEI N\u00ba. 74/2015 </strong>\u2013 AUTORIZA\r\n  A CONCESS\u00c3O DE AUX\u00cdLIO AO CONSELHO DE DEFESA E SEGURAN\u00c7A DA COMUNIDADE \u2013\r\n  CONDESC E D\u00c1 OUTRAS PROVID\u00caNCIAS.</p>\r\n</td>\r\n</tr>\r\n<tr>\r\n<td>\r\n<p style=\"text-align: justify;\"><strong>PROJETO DE LEI N\u00ba. 75/2015 \u2013</strong> AUTORIZA A\r\n  DOA\u00c7\u00c3O DE IM\u00d3VEIS, PARA FINS DE REGULARIZA\u00c7\u00c3O FUNDI\u00c1RIA E D\u00c1 OUTRAS\r\n  PROVID\u00caNCIAS.</p>\r\n</td>\r\n</tr>\r\n<tr>\r\n<td>\r\n<p style=\"text-align: justify;\"><strong>PROJETO DE LEI N\u00ba. 76/2015 \u2013</strong> AUTORIZA\r\n  O PODER EXECUTIVO ABRIR CR\u00c9DITO ADICIONAL ESPECIAL NO VALOR DE R$ 17.790,10,\r\n  INCLUI NO PPA-2014/2017, NA LDO-2015, NA LOA-2015 E APONTA RECURSOS.</p>\r\n</td>\r\n</tr>\r\n<tr>\r\n<td>\r\n<p style=\"text-align: justify;\"><strong>INDICA\u00c7\u00c3O N\u00ba 23/2015 \u2013</strong> QUE O\r\n  PODER EXECUTIVO PROVIDENCIE DENTRO DOS PROJETOS DE FINANCIAMENTOS J\u00c1\r\n  APROVADOS: A- O ASFALTAMENTO DA RUA ULISSES GIACOMINI EM FRENTE AO NOVO\r\n  PR\u00c9DIO DO FORUM DA COMARCA DE CONSTANTINA; B- O ASFALTAMENTO DA RUA SABINO\r\n  FIORENTIN; C- A MODIFICA\u00c7\u00c3O DO TREVO EM FRENTE A CORSAN, COM A DEVIDA\r\n  SINALIZA\u00c7\u00c3O.</p>\r\n</td>\r\n</tr>\r\n<tr>\r\n<td>\r\n<p style=\"text-align: justify;\"><strong>INDICA\u00c7\u00c3O N\u00ba 24/2015 \u2013</strong> QUE O\r\n  PODER EXECUTIVO ATRAV\u00c9S DA SECRETARIA DE SA\u00daDE BUSQUE RECURSOS: &nbsp;PARA A CONSTRU\u00c7\u00c3O DO LAR DO IDOSO.</p>\r\n</td>\r\n</tr>\r\n<tr>\r\n<td>\r\n<p style=\"text-align: justify;\"><strong>INDICA\u00c7\u00c3O N\u00ba. 25/2015 \u2013</strong> QUE O\r\n  PODER EXECUTIVO ATRAV\u00c9S DA SECRETARIA DE SA\u00daDE BUSQUE RECURSOS: &nbsp;PARA A CONSTRU\u00c7\u00c3O DO LAR DO IDOSO EM REGIME\r\n  DE CRECHE.</p>\r\n</td>\r\n</tr>\r\n<tr>\r\n<td>\r\n<p style=\"text-align: justify;\"><strong>INDICA\u00c7\u00c3O N\u00ba. 26/2015 \u2013</strong> QUE O\r\n  PODER EXECUTIVO ATRAV\u00c9S DA SECRETARIA DE SA\u00daDE PROVIDENCIE: A CONTRATA\u00c7\u00c3O DE\r\n  UM M\u00c9DICO PEDIATRA E UM M\u00c9DICO GINECOLOGISTA PARA ATENDER NO SISTEMA DE SA\u00daDE\r\n  MUNICIPAL.<strong></strong></p>\r\n</td>\r\n</tr>\r\n<tr>\r\n<td>\r\n<p style=\"text-align: justify;\"><strong>INDICA\u00c7\u00c3O N\u00ba. 27/2015 \u2013</strong> QUE O\r\n  PODER EXECUTIVO ATRAV\u00c9S DA SECRETARIA DE OBRAS E VIA\u00c7\u00c3O, PROVIDENCIE: A-\r\n  RETORNO AO TURNO NORMAL DA SECRETARIA DE OBRAS, NO PER\u00cdODO DE NOVEMBRO A\r\n  DEZEMBRO DE 2015; B- DESTINA\u00c7\u00c3O DE MAIS RECURSOS DE OLEO DIESEL E MANUTEN\u00c7\u00c3O\r\n  DAS PATROLAS NO PER\u00cdODO DE NOVEMBRO E DEZEMBRO DE 2015.<strong></strong></p>\r\n</td>\r\n</tr>\r\n</tbody>\r\n</table>\r\n<p style=\"text-align: justify;\"><strong>&nbsp;</strong></p>\r\n<p style=\"text-align: justify;\"><strong>PEQUENO EXPEDIENTE (ART.\r\n142 R.I.)</strong></p>\r\n<p style=\"text-align: justify;\">Nesse\r\nespa\u00e7o o vereador poder\u00e1 fazer breves comunica\u00e7\u00f5es ou coment\u00e1rios sobre a\r\nmat\u00e9ria relacionada nas proposi\u00e7\u00f5es apresentadas \u00e0 mesa e proposi\u00e7\u00f5es verbais e\r\npedidos de provid\u00eancias, votos de louvor e de pesar. Tempo = no m\u00e1ximo 5\r\nminutos.</p>\r\n<h1>ORDEM DOS INSCRITOS \u2013&nbsp;&nbsp;&nbsp;&nbsp;&nbsp;&nbsp;&nbsp;&nbsp;&nbsp;&nbsp;&nbsp;&nbsp;&nbsp;&nbsp;&nbsp;&nbsp;&nbsp;&nbsp;&nbsp;&nbsp;&nbsp;&nbsp;&nbsp;</h1>\r\n<table class=\"MsoNormalTable\">\r\n<tbody>\r\n<tr>\r\n<td>\r\n<p style=\"text-align: justify;\">CLEUSA TOMAZELLI</p>\r\n</td>\r\n</tr>\r\n<tr>\r\n<td>\r\n<p style=\"text-align: justify;\">ARI GIACOMINI</p>\r\n</td>\r\n</tr>\r\n<tr>\r\n<td>\r\n<p style=\"text-align: justify;\">MARCIO SARETO</p>\r\n</td>\r\n</tr>\r\n<tr>\r\n<td>\r\n<p style=\"text-align: justify;\">ALMIR VILLA</p>\r\n</td>\r\n</tr>\r\n<tr>\r\n<td>\r\n<p style=\"text-align: justify;\">MARISA BRESSAN</p>\r\n</td>\r\n</tr>\r\n<tr>\r\n<td>\r\n<p style=\"text-align: justify;\">LIRIO RIGON</p>\r\n</td>\r\n</tr>\r\n<tr>\r\n<td>\r\n<p style=\"text-align: justify;\">FATIMA SORANZO</p>\r\n</td>\r\n</tr>\r\n<tr>\r\n<td>\r\n<p style=\"text-align: justify;\">EDEMAR MUNERON</p>\r\n</td>\r\n</tr>\r\n</tbody>\r\n</table>\r\n<p align=\"left\" class=\"MsoBodyText2\">GRANDE EXPEDIENTE\r\n(ART. 142 3\u00ba R.I.)</p>\r\n<p style=\"text-align: justify;\">Neste\r\nespa\u00e7o o vereador poder\u00e1 comentar assuntos de interesse p\u00fablico em geral.</p>\r\n<h1>ORDEM DOS INSCRITOS \u2013&nbsp;&nbsp;&nbsp;&nbsp;&nbsp;&nbsp;&nbsp;&nbsp;&nbsp;&nbsp;&nbsp;&nbsp;&nbsp;&nbsp;&nbsp;&nbsp;&nbsp;&nbsp;&nbsp;&nbsp;&nbsp;&nbsp;&nbsp;&nbsp;&nbsp;&nbsp;&nbsp;&nbsp;&nbsp;&nbsp;</h1>\r\n<table class=\"MsoNormalTable\">\r\n<tbody>\r\n<tr>\r\n<td>\r\n<p style=\"text-align: justify;\">CLEUSA TOMAZELLI</p>\r\n</td>\r\n</tr>\r\n<tr>\r\n<td>\r\n<p style=\"text-align: justify;\">ARI GIACOMINI</p>\r\n</td>\r\n</tr>\r\n<tr>\r\n<td>\r\n<p style=\"text-align: justify;\">MARCIO SARETO</p>\r\n</td>\r\n</tr>\r\n<tr>\r\n<td>\r\n<p style=\"text-align: justify;\">ALMIR VILLA</p>\r\n</td>\r\n</tr>\r\n<tr>\r\n<td>\r\n<p style=\"text-align: justify;\">MARISA BRESSAN</p>\r\n</td>\r\n</tr>\r\n<tr>\r\n<td>\r\n<p style=\"text-align: justify;\">LIRIO RIGON</p>\r\n</td>\r\n</tr>\r\n<tr>\r\n<td>\r\n<p style=\"text-align: justify;\">FATIMA SORANZO</p>\r\n</td>\r\n</tr>\r\n<tr>\r\n<td>\r\n<p style=\"text-align: justify;\">EDEMAR MUNERON</p>\r\n</td>\r\n</tr>\r\n</tbody>\r\n</table>\r\n<h1>&nbsp;</h1>\r\n<h1>INTERVALO REGIMENTAL (ART.\r\n127) \u2013 PODE SER SUSPENSO</h1>\r\n<h2>&nbsp;</h2>\r\n<h2>&nbsp;ORDEM DO DIA</h2>\r\n<table class=\"MsoNormalTable\">\r\n<tbody>\r\n<tr>\r\n<td>\r\n<p style=\"text-align: justify;\"><strong>PROJETO DE LEI N\u00ba. 75/2015 \u2013</strong> AUTORIZA\r\n  A DOA\u00c7\u00c3O DE IM\u00d3VEIS, PARA FINS DE REGULARIZA\u00c7\u00c3O FUNDI\u00c1RIA E D\u00c1 OUTRAS\r\n  PROVID\u00caNCIAS.</p>\r\n</td>\r\n</tr>\r\n<tr>\r\n<td>\r\n<p style=\"text-align: justify;\"><strong>PROJETO DE LEI N\u00ba. 76/2015 \u2013</strong> AUTORIZA\r\n  O PODER EXECUTIVO ABRIR CR\u00c9DITO ADICIONAL ESPECIAL NO VALOR DE R$ 17.790,10,\r\n  INCLUI NO PPA-2014/2017, NA LDO-2015, NA LOA-2015 E APONTA RECURSOS.</p>\r\n</td>\r\n</tr>\r\n<tr>\r\n<td>\r\n<p style=\"text-align: justify;\"><strong>INDICA\u00c7\u00c3O N\u00ba 23/2015 \u2013</strong> QUE O\r\n  PODER EXECUTIVO PROVIDENCIE DENTRO DOS PROJETOS DE FINANCIAMENTOS J\u00c1\r\n  APROVADOS: A- O ASFALTAMENTO DA RUA ULISSES GIACOMINI EM FRENTE AO NOVO\r\n  PR\u00c9DIO DO FORUM DA COMARCA DE CONSTANTINA; B- O ASFALTAMENTO DA RUA SABINO\r\n  FIORENTIN; C- A MODIFICA\u00c7\u00c3O DO TREVO EM FRENTE A CORSAN, COM A DEVIDA\r\n  SINALIZA\u00c7\u00c3O.</p>\r\n</td>\r\n</tr>\r\n<tr>\r\n<td>\r\n<p style=\"text-align: justify;\"><strong>INDICA\u00c7\u00c3O N\u00ba 24/2015 \u2013</strong> QUE O\r\n  PODER EXECUTIVO ATRAV\u00c9S DA SECRETARIA DE SA\u00daDE BUSQUE RECURSOS: &nbsp;PARA A CONSTRU\u00c7\u00c3O DO LAR DO IDOSO.</p>\r\n</td>\r\n</tr>\r\n<tr>\r\n<td>\r\n<p style=\"text-align: justify;\"><strong>INDICA\u00c7\u00c3O N\u00ba. 25/2015 \u2013</strong> QUE O\r\n  PODER EXECUTIVO ATRAV\u00c9S DA SECRETARIA DE SA\u00daDE BUSQUE RECURSOS: &nbsp;PARA A CONSTRU\u00c7\u00c3O DO LAR DO IDOSO EM REGIME\r\n  DE CRECHE.</p>\r\n</td>\r\n</tr>\r\n<tr>\r\n<td>\r\n<p style=\"text-align: justify;\"><strong>INDICA\u00c7\u00c3O N\u00ba. 26/2015 \u2013</strong> QUE O\r\n  PODER EXECUTIVO ATRAV\u00c9S DA SECRETARIA DE SA\u00daDE PROVIDENCIE: A CONTRATA\u00c7\u00c3O DE\r\n  UM M\u00c9DICO PEDIATRA E UM M\u00c9DICO GINECOLOGISTA PARA ATENDER NO SISTEMA DE SA\u00daDE\r\n  MUNICIPAL.<strong></strong></p>\r\n</td>\r\n</tr>\r\n<tr>\r\n<td>\r\n<p style=\"text-align: justify;\"><strong>INDICA\u00c7\u00c3O N\u00ba. 27/2015 \u2013</strong> QUE O\r\n  PODER EXECUTIVO ATRAV\u00c9S DA SECRETARIA DE OBRAS E VIA\u00c7\u00c3O, PROVIDENCIE: A-\r\n  RETORNO AO TURNO NORMAL DA SECRETARIA DE OBRAS, NO PER\u00cdODO DE NOVEMBRO A\r\n  DEZEMBRO DE 2015; B- DESTINA\u00c7\u00c3O DE MAIS RECURSOS DE OLEO DIESEL E MANUTEN\u00c7\u00c3O\r\n  DAS PATROLAS NO PER\u00cdODO DE NOVEMBRO E DEZEMBRO DE 2015.<strong></strong></p>\r\n</td>\r\n</tr>\r\n</tbody>\r\n</table>\r\n<p class=\"MsoBodyText2\">&nbsp;</p>\r\n<p class=\"MsoBodyText2\">EXPLICA\u00c7\u00d5ES\r\nPESSOAIS (ART. 147 R.I.)</p>\r\n<p style=\"text-align: justify;\">Neste\r\nespa\u00e7o o vereador poder\u00e1 falar sobre v\u00e1rios assuntos livremente</p>\r\n<table class=\"MsoNormalTable\">\r\n<tbody>\r\n<tr>\r\n<td>\r\n<p style=\"text-align: justify;\">TEMPO A SER DELIMITADO CONFORME O ANDAMENTO\r\n  DA SESS\u00c3O...</p>\r\n<p style=\"text-align: justify;\">ORDEM DOS INSCRITOS<strong></strong></p>\r\n</td>\r\n</tr>\r\n<tr>\r\n<td>\r\n<p style=\"text-align: justify;\">CLEUSA TOMAZELLI</p>\r\n</td>\r\n</tr>\r\n<tr>\r\n<td>\r\n<p style=\"text-align: justify;\">ARI GIACOMINI</p>\r\n</td>\r\n</tr>\r\n<tr>\r\n<td>\r\n<p style=\"text-align: justify;\">MARCIO SARETO</p>\r\n</td>\r\n</tr>\r\n<tr>\r\n<td>\r\n<p style=\"text-align: justify;\">ALMIR VILLA</p>\r\n</td>\r\n</tr>\r\n<tr>\r\n<td>\r\n<p style=\"text-align: justify;\">MARISA BRESSAN</p>\r\n</td>\r\n</tr>\r\n<tr>\r\n<td>\r\n<p style=\"text-align: justify;\">LIRIO RIGON</p>\r\n</td>\r\n</tr>\r\n<tr>\r\n<td>\r\n<p style=\"text-align: justify;\">FATIMA SORANZO</p>\r\n</td>\r\n</tr>\r\n<tr>\r\n<td>\r\n<p style=\"text-align: justify;\">EDEMAR MUNERON</p>\r\n</td>\r\n</tr>\r\n</tbody>\r\n</table>\r\n<p>&nbsp;</p>\r\n<p align=\"center\" style=\"text-align: center;\"><strong>ENCERRAMENTO DA SESS\u00c3O.</strong></p>\r\n", "author_name": "fernandamarcondes", "version": "1.0", "author_url": "https://www.constantina.rs.leg.br/author/fernandamarcondes", "provider_name": "C\u00e2mara Municipal", "type": "rich"}