{"provider_url": "https://www.constantina.rs.leg.br", "title": "2\u00aa Sess\u00e3o Ordin\u00e1ria 2015", "html": "\r\n<p>Acontece na segunda-feira (26-01-2015) a 2\u00aa Sess\u00e3o Ordin\u00e1ria na C\u00e2mara de Vereadores com in\u00edcio as 18h. Toda a comunidade est\u00e1 convidada a participar!!!</p>\r\n", "author_name": "fernandamarcondes", "version": "1.0", "author_url": "https://www.constantina.rs.leg.br/author/fernandamarcondes", "provider_name": "C\u00e2mara Municipal", "type": "rich"}