{"provider_url": "https://www.constantina.rs.leg.br", "title": "4\u00ba Confer\u00eancia Municipal da Sa\u00fade", "html": "\r\n<p>Realizada no munic\u00edpio de Constantina no dia 30/06/15 a 4\u00aa Confer\u00eancia Municipal da Sa\u00fade onde se baseou em 4 eixos tem\u00e1ticos:</p>\r\n<p>Eixo tem\u00e1tico I: Direito \u00e0 Sa\u00fade, Garantia de Acesso e Aten\u00e7\u00e3o de Qualidade;</p>\r\n<p>Eixo Tem\u00e1tico II: Participa\u00e7\u00e3o e Controle Social;</p>\r\n<p>Eixo Tem\u00e1tico III: Financiamento do SUS e Rela\u00e7\u00e3o P\u00fablico-Privado;</p>\r\n<p>Eixo Tem\u00e1tico IV: Gest\u00e3o e Modelos de Aten\u00e7\u00e3o \u00e0 Sa\u00fade.</p>\r\n<p>Os vereadores estiveram presentes na confer\u00eancia acompanhando os debates e os temas acima relacionados. Tamb\u00e9m com rela\u00e7\u00e3o a sa\u00fade o Poder Legislativo est\u00e1 apoiando o Hospital da AHCROS que vem passando por um momento dif\u00edcil financeiramente. Foi realizada uma audi\u00eancia p\u00fablica para esclarecer para comunidade a situa\u00e7\u00e3o do hospital na \u00faltima sexta-feira (26). Na oportunidade, foi realizado um abaixo assinado para mobilizar a popula\u00e7\u00e3o para que n\u00e3o sejam efetuados os cortes de conv\u00eanios com o Hospital e nem o fechamento desta unidade. Quem quiser colaborar pode passar junto ao hospital ou na C\u00e2mara Municipal de Vereadores e tamb\u00e9m assinar este documento.</p>\r\n", "author_name": "fernandamarcondes", "version": "1.0", "author_url": "https://www.constantina.rs.leg.br/author/fernandamarcondes", "provider_name": "C\u00e2mara Municipal", "type": "rich"}