{"provider_url": "https://www.constantina.rs.leg.br", "title": "5 \u00aa Sess\u00e3o Ordin\u00e1ria Hoje (04/04/16)", "html": "<p>Acontece hoje (04/04/16) a tarde as 18h a 5\u00aa Sess\u00e3o Ordin\u00e1ria no Centro Cultural de Constantina. Nas reuni\u00f5es das comiss\u00f5es estiveram presente o presidente da Associa\u00e7\u00e3o dos Universit\u00e1rios de Constantina, Patrick Savaris e tamb\u00e9m representante da Sec de Assist\u00eancia Social, Jamie Rodrigues. Ambos vieram conversar sobre projetos que est\u00e3o em tramita\u00e7\u00e3o junto a Casa Legislativa, cada um referente a sua \u00e1rea.</p>\r\n<p>Confira o Roteiro dos trabalhos da 5\u00aa Sess\u00e3o.</p>\r\n<p><i>ROTEIRO DOS TRABALHOS DOS VEREADORES</i></p>\r\n<p>\u00a0</p>\r\n<p>\u00a0</p>\r\n<p><b><i>05\u00aa - SESS\u00c3O ORDIN\u00c1RIA</i></b></p>\r\n<p><b><i>04\u00aa - SESS\u00c3O LEGISLATIVA ORDIN\u00c1RIA</i></b></p>\r\n<p><b><i>13\u00aa - LEGISLATURA - DATA \u2013 04 DE ABRIL DE 2016 \u2013 18h \u2013 SEGUNDA-FEIRA</i></b></p>\r\n<p><b><i>LOCAL CENTRO CULTURAL JOS\u00c9 RUGERI</i></b></p>\r\n<p>\u00a0</p>\r\n<p>VERIFICA\u00c7\u00c3O DE \u201cQUORUM REGIMENTAL\u201d</p>\r\n<p>\u00a0</p>\r\n<p>LEITURA DE UM TRECHO DA B\u00cdBLIA\u00a0\u00a0 <b>-\u00a0\u00a0\u00a0 VER. EDEMAR MUNERON</b></p>\r\n<p><b>\u00a0</b></p>\r\n<p><b>EXPEDIENTE (ART. 139 R.I.)</b></p>\r\n<p><b>\u00a0</b></p>\r\n<p><b><span>PROPOSI\u00c7\u00d5ES APRESENTADAS \u00c0 MESA: </span></b></p>\r\n<p><b><span>\u00a0</span></b></p>\r\n<table>\r\n<tbody>\r\n<tr>\r\n<td>\r\n<p><b>OF. GAB. N\u00ba. 121/2016 \u2013 </b>ENVIA OS PROJETOS DE LEI N\u00ba. 24, 25, 26 E 27/2016, PARA APRECIA\u00c7\u00c3O DO PODER LEGISLATIVO, SOLICITANDO QUE OS PROJETOS DE LEI N\u00ba. 25 E 26/2016, SEJAM APRECIADOS EM REGIME DE URG\u00caNCIA.<b></b></p>\r\n</td>\r\n</tr>\r\n<tr>\r\n<td>\r\n<p><b>PROJETO DE LEI N\u00ba. 24/2016 \u2013 </b>AUTORIZA O PODER EXECUTIVO MUNICIPAL A REPASSAR VALORES MENSAIS A TITULO DE PAGAMENTO DE ALUGUEL PARA A INDUSTRIA DE CAL\u00c7ADOS MARIA TERRA LTDA E D\u00c1 OUTRAS PROVID\u00caNCIAS.</p>\r\n</td>\r\n</tr>\r\n<tr>\r\n<td>\r\n<p><b>PROJETO DE LEI N\u00ba. 25/2016 \u2013 </b>AUTORIZA O PODER EXECUTIVO MUNICIPAL ABRIR CR\u00c9DITO ESPECIAL NO VALOR DE R$ 19.937,56 INCLUI DO PPA-2014/2017, NA LDO-2016, NA LOA-2016 APONTA RECURSOS E D\u00c1 OUTRAS PROVIDENCIAS.</p>\r\n</td>\r\n</tr>\r\n<tr>\r\n<td>\r\n<p><b>PROJETO DE LEI N\u00ba. 26/2016 \u2013</b> AUTORIZA O PODER EXECUTIVO MUNICIPAL A SUPLEMENTAR ELEMENTO DE DESPESA NO OR\u00c7AMENTO MUNICIPAL VIGENTE NO VALOR DE R$ 15.880,00, APONTA RECURSOS E D\u00c1 OUTRAS PROVID\u00caNCIAS.</p>\r\n</td>\r\n</tr>\r\n<tr>\r\n<td>\r\n<p><b>PROJETO DE LEI N\u00ba. 27/2016 \u2013</b> INSTITUI O PROGRAMA MUNICIPAL DE COMBATE E PREVEN\u00c7\u00c3O DA DENGUE E D\u00c1 OUTRAS PROVID\u00caNCIAS.</p>\r\n</td>\r\n</tr>\r\n<tr>\r\n<td>\r\n<p><b>INDICA\u00c7\u00c3O N\u00ba. 05/2016 \u2013</b> QUE O PODER EXECUTIVO, ATRAV\u00c9S DA SECRETARIA DA SA\u00daDE: IMPLEMENTE NAS UNIDADES BASICAS DE SA\u00daDE A POLITICA NACIONAL DE PR\u00c1TICAS INTEGRANTES COMPLEMENTARES.</p>\r\n</td>\r\n</tr>\r\n<tr>\r\n<td>\r\n<p><b>OF. GAB. 120/2016</b> \u2013 ENVIA AS CONTAS DE GOVERNO MUNICIPAL DO EXERC\u00cdCIO 2015 \u2013 BALAN\u00c7O MUNICIPAL 2015.</p>\r\n</td>\r\n</tr>\r\n</tbody>\r\n</table>\r\n<p><b>\u00a0</b></p>\r\n<p><b>\u00a0</b></p>\r\n<p><b>PEQUENO EXPEDIENTE (ART. 142 R.I.)</b></p>\r\n<p>Nesse espa\u00e7o o vereador poder\u00e1 fazer breves comunica\u00e7\u00f5es ou coment\u00e1rios sobre a mat\u00e9ria relacionada nas proposi\u00e7\u00f5es apresentadas \u00e0 mesa e proposi\u00e7\u00f5es verbais e pedidos de provid\u00eancias, votos de louvor e de pesar. Tempo = no m\u00e1ximo 5 minutos.</p>\r\n<h1>\u00a0</h1>\r\n<h1>ORDEM DOS INSCRITOS \u2013\u00a0\u00a0\u00a0\u00a0\u00a0\u00a0\u00a0\u00a0\u00a0\u00a0\u00a0\u00a0\u00a0\u00a0\u00a0\u00a0\u00a0\u00a0\u00a0\u00a0\u00a0</h1>\r\n<table>\r\n<tbody>\r\n<tr>\r\n<td>\r\n<p>GERRI SAWARIS</p>\r\n</td>\r\n</tr>\r\n<tr>\r\n<td>\r\n<p>ALU\u00cdSIO C. VALLE</p>\r\n</td>\r\n</tr>\r\n<tr>\r\n<td>\r\n<p>MARCIO SARETO</p>\r\n</td>\r\n</tr>\r\n<tr>\r\n<td>\r\n<p>ALMIR VILLA</p>\r\n</td>\r\n</tr>\r\n<tr>\r\n<td>\r\n<p>LINDOMAR DURANTI</p>\r\n</td>\r\n</tr>\r\n<tr>\r\n<td>\r\n<p>LIRIO RIGON</p>\r\n</td>\r\n</tr>\r\n<tr>\r\n<td>\r\n<p>CLEUSA TOMAZELLI</p>\r\n</td>\r\n</tr>\r\n<tr>\r\n<td>\r\n<p>EDEMAR MUNERON</p>\r\n</td>\r\n</tr>\r\n</tbody>\r\n</table>\r\n<p align=\"left\">\u00a0</p>\r\n<p align=\"left\">\u00a0</p>\r\n<p align=\"left\">\u00a0</p>\r\n<p align=\"left\">\u00a0</p>\r\n<p align=\"left\">GRANDE EXPEDIENTE (ART. 142 3\u00ba R.I.)</p>\r\n<p>Neste espa\u00e7o o vereador poder\u00e1 comentar assuntos de interesse p\u00fablico em geral.</p>\r\n<h1>ORDEM DOS INSCRITOS \u2013\u00a0\u00a0\u00a0\u00a0\u00a0\u00a0\u00a0\u00a0\u00a0\u00a0\u00a0\u00a0\u00a0\u00a0\u00a0\u00a0\u00a0\u00a0\u00a0\u00a0\u00a0\u00a0\u00a0\u00a0\u00a0\u00a0</h1>\r\n<table>\r\n<tbody>\r\n<tr>\r\n<td>\r\n<p>GERRI SAWARIS</p>\r\n</td>\r\n</tr>\r\n<tr>\r\n<td>\r\n<p>ALU\u00cdSIO C. VALLE</p>\r\n</td>\r\n</tr>\r\n<tr>\r\n<td>\r\n<p>MARCIO SARETO</p>\r\n</td>\r\n</tr>\r\n<tr>\r\n<td>\r\n<p>ALMIR VILLA</p>\r\n</td>\r\n</tr>\r\n<tr>\r\n<td>\r\n<p>LINDOMAR DURANTI</p>\r\n</td>\r\n</tr>\r\n<tr>\r\n<td>\r\n<p>LIRIO RIGON</p>\r\n</td>\r\n</tr>\r\n<tr>\r\n<td>\r\n<p>CLEUSA TOMAZELLI</p>\r\n</td>\r\n</tr>\r\n<tr>\r\n<td>\r\n<p>EDEMAR MUNERON</p>\r\n</td>\r\n</tr>\r\n</tbody>\r\n</table>\r\n<h1>\u00a0</h1>\r\n<h1>INTERVALO REGIMENTAL (ART. 127) \u2013 PODE SER SUSPENSO</h1>\r\n<h2>\u00a0</h2>\r\n<h2>\u00a0ORDEM DO DIA</h2>\r\n<table>\r\n<tbody>\r\n<tr>\r\n<td>\r\n<p><b>PROJETO DE LEI N\u00ba. 21/2016 \u2013 </b>DISP\u00d5E SOBRE O SISTEMA \u00daNICO DE ASSIST\u00caNCIA SOCIAL DO MUNIC\u00cdPIO DE CONSTANTINA E D\u00c1 OUTRAS PROVID\u00caNCIAS.</p>\r\n</td>\r\n</tr>\r\n<tr>\r\n<td>\r\n<p><b>PROJETO DE LEI N\u00ba. 23/2016 \u2013 </b>AUTORIZA O PODER EXECUTIVO A EFETUAR REPASSE A AUCC \u2013 ASSOCIA\u00c7\u00c3O UNIVERSIT\u00c1RIA E CULTURAL DE CONSTANTINA E D\u00c1 OUTRAS PROVID\u00caNCIAS.</p>\r\n</td>\r\n</tr>\r\n<tr>\r\n<td>\r\n<p><b>PROJETO DE LEI N\u00ba. 25/2016 \u2013 </b>AUTORIZA O PODER EXECUTIVO MUNICIPAL ABRIR CR\u00c9DITO ESPECIAL NO VALOR DE R$ 19.937,56 INCLUI DO PPA-2014/2017, NA LDO-2016, NA LOA-2016 APONTA RECURSOS E D\u00c1 OUTRAS PROVIDENCIAS.</p>\r\n</td>\r\n</tr>\r\n<tr>\r\n<td>\r\n<p><b>PROJETO DE LEI N\u00ba. 26/2016 \u2013</b> AUTORIZA O PODER EXECUTIVO MUNICIPAL A SUPLEMENTAR ELEMENTO DE DESPESA NO OR\u00c7AMENTO MUNICIPAL VIGENTE NO VALOR DE R$ 15.880,00, APONTA RECURSOS E D\u00c1 OUTRAS PROVID\u00caNCIAS.</p>\r\n</td>\r\n</tr>\r\n<tr>\r\n<td>\r\n<p><b>PROJETO DE LEI DO LEGISLATIVO N\u00ba. 06/2016 \u2013</b> ALTERA A LEI 1.790/2002 PARA PRORROGAR O PRAZO DO AUX\u00cdLIO PATERNIDADE.</p>\r\n</td>\r\n</tr>\r\n<tr>\r\n<td>\r\n<p><b>INDICA\u00c7\u00c3O N\u00ba. 05/2016 \u2013 </b>QUE O PODER EXECUTIVO, ATRAV\u00c9S DA SECRETARIA DA SA\u00daDE: IMPLEMENTE NAS UNIDADES BASICAS DE SA\u00daDE A POLITICA NACIONAL DE PR\u00c1TICAS INTEGRANTES COMPLEMENTARES<b>.</b></p>\r\n</td>\r\n</tr>\r\n</tbody>\r\n</table>\r\n<p>\u00a0</p>\r\n<p>EXPLICA\u00c7\u00d5ES PESSOAIS (ART. 147 R.I.)</p>\r\n<p>Neste espa\u00e7o o vereador poder\u00e1 falar sobre v\u00e1rios assuntos livremente</p>\r\n<p>\u00a0</p>\r\n<table>\r\n<tbody>\r\n<tr>\r\n<td>\r\n<p>TEMPO A SER DELIMITADO CONFORME O ANDAMENTO DA SESS\u00c3O...</p>\r\n<p>ORDEM DOS INSCRITOS<b></b></p>\r\n</td>\r\n</tr>\r\n<tr>\r\n<td>\r\n<p>GERRI SAWARIS</p>\r\n</td>\r\n</tr>\r\n<tr>\r\n<td>\r\n<p>ALU\u00cdSIO C. VALLE</p>\r\n</td>\r\n</tr>\r\n<tr>\r\n<td>\r\n<p>MARCIO SARETO</p>\r\n</td>\r\n</tr>\r\n<tr>\r\n<td>\r\n<p>ALMIR VILLA</p>\r\n</td>\r\n</tr>\r\n<tr>\r\n<td>\r\n<p>LINDOMAR DURANTI</p>\r\n</td>\r\n</tr>\r\n<tr>\r\n<td>\r\n<p>LIRIO RIGON</p>\r\n</td>\r\n</tr>\r\n<tr>\r\n<td>\r\n<p>CLEUSA TOMAZELLI</p>\r\n</td>\r\n</tr>\r\n<tr>\r\n<td>\r\n<p>EDEMAR MUNERON</p>\r\n</td>\r\n</tr>\r\n</tbody>\r\n</table>\r\n<p align=\"center\"><b>\u00a0</b></p>\r\n<p align=\"center\"><b>ENCERRAMENTO DA SESS\u00c3O.</b></p>\r\n<p align=\"center\"><b>Acompanhe o \u00e1udio completo: <iframe src=\"https://www.opendrive.com/player/NF8xMzEwMTE5MzJfaTh0R08\" width=\"297\" height=\"25\" frameborder=\"0\"></iframe>\u00a0</b></p>\r\n<p>\u00a0</p>\r\n<p>\u00a0</p>\r\n<p>\u00a0</p>\r\n<p><img src=\"https://www.constantina.rs.leg.br/institucional_com_erro/noticias/imagens-2016/comisses040416Jamie.jpg\" alt=\"\" class=\"image-inline\" title=\"\" /></p>\r\n<p>\u00a0</p>\r\n<p><img src=\"https://www.constantina.rs.leg.br/institucional_com_erro/noticias/imagens-2016/Comisses040416Patrick.jpg\" alt=\"\" class=\"image-inline\" title=\"\" /></p>", "author_name": "femarcondes", "version": "1.0", "author_url": "https://www.constantina.rs.leg.br/author/femarcondes", "provider_name": "C\u00e2mara Municipal", "type": "rich"}