{"provider_url": "https://www.constantina.rs.leg.br", "title": "9\u00aa Sess\u00e3o Ordin\u00e1ria Hoje", "html": "\r\n<p>Nesta manh\u00e3 os vereadores que fazem parte das comiss\u00f5es, juntamente com assessor jur\u00eddico discutiram e avaliaram os projetos que v\u00e3o ser apreciados na 9\u00aa Sess\u00e3o ordin\u00e1ria que acontece hoje a tarde(06-06-13) as 18h na C\u00e2mara Municipal de Vereadores com a seguinte Ordem do Dia:</p>\r\n<table class=\"MsoTableGrid\">\r\n<tbody>\r\n<tr>\r\n<td>\r\n<p style=\"text-align: justify;\"><strong>F. GAB. N\u00ba 203/2013 \u2013</strong> ENVIA OS PROJETOS DE LEI N\u00ba 049, 050, 051 E 053/2013\r\n  PARA APRECIA\u00c7\u00c3O DO PODER LEGISLATIVO SOLICITANDO QUE OS PROJETOS DE LEI N\u00ba\r\n  049/2013, 050/5013 E 051/2013 SEJAM APRECIADOS EM REGIME DE URG\u00caNCIA.</p>\r\n</td>\r\n</tr>\r\n<tr>\r\n<td>\r\n<p style=\"text-align: justify;\"><strong>OF. GAB. N\u00ba 207/2013 - </strong>ENVIA O PROJETO DE LEI N\u00ba 056/2013 PARA APRECIA\u00c7\u00c3O\r\n  DO PODER LEGISLATIVO SOLICITANDO QUE O MESMO SEJA APRECIADO EM REGIME DE\r\n  URG\u00caNCIA.</p>\r\n</td>\r\n</tr>\r\n<tr>\r\n<td>\r\n<p style=\"text-align: justify;\"><strong>PROJETO DE LEI N\u00ba 47/2013 \u2013</strong> \u201cAUTORIZA O MUNIC\u00cdPIO DE\r\n  CONSTANTINA A FIRMAR CONV\u00caNIO COM A ASSOCIA\u00c7\u00c3O HOSPITALAR COMUNIT\u00c1RIA\r\n  REGIONAL DE SA\u00daDE \u2013 AHCROS E D\u00c1 OUTRAS PROVID\u00caNCIAS\u201d.<strong></strong></p>\r\n</td>\r\n</tr>\r\n<tr>\r\n<td>\r\n<p style=\"text-align: justify;\"><strong>PROJETO DE LEI N\u00ba 049/2013 \u2013</strong> \u201cAUTORIZA O PODER EXECUTIVO MUNICIPAL ABRIR\r\n  CR\u00c9DITO ADICIONAL ESPECIAL PARA INCLUIR CONTAS OR\u00c7AMENT\u00c1RIAS DE RECEITAS\r\n  (RUBRICAS) DE DESPESA (ELEMENTOS) NO OR\u00c7AMENTO MUNICIPAL VIGENTE E D\u00c1 OUTRAS\r\n  PROVID\u00caNCIAS\u201d.</p>\r\n</td>\r\n</tr>\r\n<tr>\r\n<td>\r\n<p style=\"text-align: justify;\"><strong>PROJETO DE LEI N\u00ba 050/2013 \u2013</strong> \u201cDISP\u00d5E\r\n  SOBRE A ABERTURA DE CR\u00c9DITO ESPECIAL DE VERBAS, NO VALOR DE R$ 24.950,00\r\n  (VINTE E QUATRO MIL, NOVECENTOS E CINQUENTA REAIS), INCLUI NO PPA, LDO\r\n  EXERC\u00cdCIO DE 2013 E LOA EXERC\u00cdCIO DE 2013 A APONTA RECURSOS\u201d.</p>\r\n</td>\r\n</tr>\r\n<tr>\r\n<td>\r\n<p style=\"text-align: justify;\"><strong>PROJETO DE L</strong><strong>EI N\u00ba 051/2013 \u2013</strong> \u201cDISP\u00d5E SOBRE A ABERTURA DE CR\u00c9DITO ESPECIAL NO\r\n  VALOR DE R$ 3.850,00 (TR\u00caS MIL OITOCENTOS E CINQUENTA REAIS), INCLUI NO PPA,\r\n  LDO EXERC\u00cdCIO DE 2013 E LOA EXERC\u00cdCIO DE 2013 E APONTA RECURSOS\u201d.</p>\r\n</td>\r\n</tr>\r\n<tr>\r\n<td>\r\n<p style=\"text-align: justify;\"><strong>PROJETO DE LEI N\u00ba 056/2013 \u2013 </strong>\u201cAUTORIZA A ABERTURA DE CR\u00c9DITO SUPLEMENTAR NO\r\n  VALOR DE R$ 120.000,00 (CENTO E VINTE MIL REAIS) E APONTA RECURSOS.\u201d<strong></strong></p>\r\n</td>\r\n</tr>\r\n<tr>\r\n<td>\r\n<p style=\"text-align: justify;\"><strong>PEDI</strong><strong>DO DE INFORMA\u00c7\u00c3O N.\u00ba 03/2013 \u2013</strong> QUE O PODER EXECUTIVO ENVIE PARA A C\u00c2MARA\r\n  DE VEREADORES OS SEGUINTYES DOCUMENTOS E/OU INFORMA\u00c7\u00d5ES: 1- CONTRATOS DE\r\n  TRANSPORTE ESCOLAR DE FEVEREIRO A MAIO 2013: A) RELA\u00c7\u00c3O DAS ROTS DO\r\n  TRANSPORTE ESCOLAR, COM DESCRI\u00c7\u00c3O DO PERCURSO E QUILOMETRAGEM; B) VALOR\r\n  CONTRATADO POR QUILOMETRO RODADO, COM A RESPECTIVA ROTA, NOS MESES DE\r\n  FEVEREIRO, MAR\u00c7O, ABRIL E MAIO DE 2013. C) VALOR CONTRATADO NO ANO DE 2012,\r\n  COM AS RESPECTIVAS ROTAS.</p>\r\n</td>\r\n</tr>\r\n<tr>\r\n<td>\r\n<p style=\"text-align: justify;\"><strong>PEDIDO</strong><strong>&nbsp;DE INFORMA\u00c7\u00c3O N.\u00ba 04/2013 -</strong> QUE O PODER EXECUTIVO ENVIE PARA A C\u00c2MARA\r\n  DE VEREADORES OS SEGUINTYES DOCUMENTOS E/OU IN</p>\r\n<p style=\"text-align: justify;\">FORMA\u00c7\u00d5ES: 1) A RELA\u00c7\u00c3O E A\r\n  QUANTIDADE DE ATESTADOS M\u00c9DICOS APRESENTADOS PELOS FUNCION\u00c1RIOS P\u00daBLICOS\r\n  DESDE 1983 AT\u00c9 OS DIAS ATUAIS.</p>\r\n</td>\r\n</tr>\r\n<tr>\r\n<td>\r\n<p style=\"text-align: justify;\"><strong>INDICA\u00c7\u00c3O N\u00ba 07/2013 \u2013</strong> QUE O PODER EXECUTIVO ATRAV\u00c9S DA&nbsp;</p>\r\n<p style=\"text-align: justify;\">SECRETARIA DE\r\n  OBRAS: \u201cCONSTRUA UMA PONTE NA RUA DIVINO MAFESSO</p>\r\n<p style=\"text-align: justify;\">NI, SOBRE O RIO TAQUARU\u00c7U, NO\r\n  ACESSO AO LOTEAMENTO MORADA DO SOL.\u201d<strong></strong></p>\r\n</td>\r\n</tr>\r\n<tr>\r\n<td>\r\n<p style=\"text-align: justify;\"><strong>INDICA\u00c7\u00c3O N\u00ba 08/2013 \u2013 </strong>QUE O PODER EXECUTIVO ATRAV\u00c9S DA SECRETARIA DE\r\n  OBRAS: \u201cVIABILIZE A IMPLANTA\u00c7\u00c3O DE SISTEMA DE MONITORAMENTO ATRAV\u00c9S DE\r\n  C\u00c2MERAS DE V\u00cdDEO NAS ENTRADAS DA CIDADE DE CONSTANTINA.\u201d</p>\r\n</td>\r\n</tr>\r\n<tr>\r\n<td>\r\n<p style=\"text-align: justify;\"><strong>MO\u00c7\u00c3O DE REP\u00daDIO 001/2013: </strong>\u201cMO\u00c7\u00c3O DE REP\u00daDIO \u00c0 RESOLU\u00c7\u00c3O 429/2012, DO\r\n  CONSELHO NACIONAL DE TR\u00c2NSITO \u2013 CONTRAN \u2013 QUE ESTABELECE CRIT\u00c9RIOS PARA O\r\n  REGISTRO DE TRATORES DESTINADOS A PUXAR OU ARRASTAR MAQUINARIA DE QUALQUER\r\n  NATUREZA OU A EXECUTAR TRABALHOS AGR\u00cdCOLAS E DE CONSTRU\u00c7\u00c3O, DE PAVIMENTA\u00c7\u00c3O\r\n  OU GUINDASTES.\u201d</p>\r\n</td>\r\n</tr>\r\n</tbody>\r\n</table>\r\n<p><img style=\"text-align: justify;\" class=\"image-inline\" src=\"../../imagens/inoticias/2%20Reuniao%20Comissoes%2006-06-13.jpg/image_preview\" alt=\"9\u00aa Sess\u00e3o Ordin\u00e1ria Hoje\" />&nbsp;Toda a comunidade est\u00e1 convidada a participar!!</p>\r\n", "author_name": "fernandamarcondes", "version": "1.0", "author_url": "https://www.constantina.rs.leg.br/author/fernandamarcondes", "provider_name": "C\u00e2mara Municipal", "type": "rich"}