{"provider_url": "https://www.constantina.rs.leg.br", "title": "A Complementa\u00e7\u00e3o de Um Grande Projeto", "html": "\r\n<p align=\"center\" style=\"text-align: center;\">&nbsp;</p>\r\n<p style=\"text-align: justify;\">Aconteceu no dia 29 de agosto, na\r\nEscola Municipal de Ensino Fundamental Am\u00e2ndio Ara\u00fajo localizada na Linha Barra\r\nCurta Alta, o ato de entrega dos uniformes da Banda Escolar e do Pelot\u00e3o Mirim.\r\nEste \u00faltimo teve na sua forma\u00e7\u00e3o, grande parcela de contribui\u00e7\u00e3o da Dra.\r\nSolange Moraes, Ju\u00edza de Direito da Comarca de Constantina, dos solados Bhor e\r\nMathias e do Dr. Renato Ara\u00fajo e familiares.</p>\r\n<p style=\"text-align: justify;\">Na solenidade, al\u00e9m dos acima\r\nmencionados se fizeram presentes o prefeito de Constantina Leomar Behn, o\r\npresidente da C\u00e2mara Vereador Alu\u00edsio Valle, Promotora de Justi\u00e7a, K\u00e1tia Regina\r\nGrizza, secret\u00e1rios da Administra\u00e7\u00e3o, vereadores: Lindomar Duranti, Almir Villa,\r\nAri Giacomini, Gerri Sawaris e Ivanete Moreira, subcomandante do 39\u00ba BPM de\r\nPalmeira das Miss\u00f5es, capit\u00e3o Aguiar, comandantes da Brigada Militar de\r\nConstantina e de Liberato Salzano, delegado Adilson, diretora da escola,\r\nprofessores, alunos e pais.</p>\r\n<p style=\"text-align: justify;\">Todas as autoridades que se\r\npronunciaram destacaram da import\u00e2ncia do projeto para a forma\u00e7\u00e3o de cidad\u00e3os\r\nconscientes de seus deveres e direitos e da oportunidade que est\u00e3o tendo para\r\nvislumbrarem um futuro promissor.</p>\r\n<p style=\"text-align: justify;\">Teve destaque o pronunciamento da\r\nDra. Solange, Ju\u00edza de Direito, que lembrou que teve a id\u00e9ia de implantar o\r\nPelot\u00e3o Mirim em Constantina quando lia uma reportagem sobre o assunto, em um\r\njornal em Barra do Guarita, ao lado do seu pai, que faleceu h\u00e1 pouco tempo.\r\nComentou que a id\u00e9ia se tornou realidade porque pode contar com o trabalho\r\nsolid\u00e1rio do policial Bohr, que segundo ela, est\u00e1 sendo fundamental para que o\r\nprojeto tenha \u00eaxito, pois est\u00e1 em constante acompanhamento do mesmo, orientando\r\nos alunos. &nbsp;Destacou ainda a magistrada a parceria com o Poder P\u00fablico\r\nMunicipal, atrav\u00e9s da Secretaria da Educa\u00e7\u00e3o, com a Escola Am\u00e2ndio Ara\u00fajo e os\r\nprofessores, a Brigada Militar, o Minist\u00e9rio P\u00fablico e a comunidade.</p>\r\n<p style=\"text-align: justify;\">Em forma de agradecimento os\r\nalunos entregaram uma recorda\u00e7\u00e3o a Ju\u00edza, a&nbsp; Promotora de Justi\u00e7a e aos\r\nsoldados Bhor e Mathias.</p>\r\n<p style=\"text-align: justify;\">O projeto hoje tem cerca de 100\r\nalunos, que, no turno inverso da sala de aula recebem orienta\u00e7\u00f5es diversas\r\nsobre os males das drogas, import\u00e2ncia de cuidar do meio ambiente, respeito com\r\no semelhante e outros temas importantes para a boa forma\u00e7\u00e3o de uma pessoa.\r\nTamb\u00e9m praticam esportes, m\u00fasica e canto.</p>\r\n<p style=\"text-align: justify;\">No final da solenidade todos se\r\npostaram para uma foto, os alunos todos uniformizados e depois os presentes\r\ntiveram a oportunidade de ver a apresenta\u00e7\u00e3o da Banda Marcial que encantou a\r\ntodos.</p>\r\n<p>&nbsp;</p>\r\n<p style=\"text-align: justify;\">&nbsp;<img class=\"image-inline\" src=\"../../imagens/inoticias/banda%20Amandio%2029-08-13.jpg/image_preview\" alt=\"Foto 29-08-13 Banda Escola Am\u00e2ndio\" />&nbsp;<img class=\"image-inline\" src=\"../../imagens/inoticias/Banda%20Amandio%20Araujo%2029-08-13.jpg/image_preview\" alt=\"Foto 29-08-13 Banda Escola Am\u00e2ndio 02\" /></p>\r\n", "author_name": "fernandamarcondes", "version": "1.0", "author_url": "https://www.constantina.rs.leg.br/author/fernandamarcondes", "provider_name": "C\u00e2mara Municipal", "type": "rich"}