{"provider_url": "https://www.constantina.rs.leg.br", "title": "ABERTURA DA SEMANA DA P\u00c1TRIA 2023", "html": "<p><span>Na manh\u00e3 de sexta-feira (01) foi realizada em Constantina a abertura da Semana da P\u00e1tria, com a chegada do Fogo Simb\u00f3lico conduzida pelos alunos do Projeto Karat\u00ea e da Escola Goshinkai.</span></p>\r\n<p><span><img src=\"https://www.constantina.rs.leg.br/institucional_com_erro/noticias/IMG_3386.JPG/@@images/c2003bfa-2ce1-42a0-8043-8af86c4ee649.jpeg\" alt=\"\" class=\"image-inline\" title=\"\" /></span></p>\r\n<p><span><img src=\"https://www.constantina.rs.leg.br/institucional_com_erro/noticias/IMG_3420.JPG/@@images/4cf70cc9-2190-4330-bcd5-c96d211aced6.jpeg\" alt=\"\" class=\"image-inline\" title=\"\" /></span></p>\r\n<p>Estiveram presentes Poder Executivo, Legislativo, Coordenadora da 39\u00aa CRE Lisete Jarr\u00e9 representantes de entidades, demais autoridades, al\u00e9m das escolas e p\u00fablico em geral.</p>\r\n<p><img src=\"https://www.constantina.rs.leg.br/institucional_com_erro/noticias/IMG_3511.JPG/@@images/5857bd6e-dc91-43d2-9ef2-b972c4a1db26.jpeg\" alt=\"\" class=\"image-inline\" title=\"\" /></p>\r\n<p><img src=\"https://www.constantina.rs.leg.br/institucional_com_erro/noticias/IMG_3462.JPG/@@images/def8c00a-949e-4160-9f7e-b87ee025334d.jpeg\" alt=\"\" class=\"image-inline\" title=\"\" /></p>\r\n<p><img src=\"https://www.constantina.rs.leg.br/institucional_com_erro/noticias/IMG_3492.JPG/@@images/801d0c99-7f6c-43bc-8e68-b2be421ba884.jpeg\" alt=\"\" class=\"image-inline\" title=\"\" /></p>\r\n<p>O presidente da C\u00e2mara de Vereadores Cristian Riboli Bratz, ao usar da palavra falou da abertura das comemora\u00e7\u00f5es alusivas a semana da P\u00e1tria e destacou os 201 anos de independ\u00eancia, do esfor\u00e7o de todos para conquistarmos a liberdade. \u201cLembro aqui uma frase que marcou minha \u00e9poca de Escola, ou ficar a p\u00e1tria livre ou morrer pelo Brasil\u201d.</p>\r\n<p>\u00a0<img src=\"https://www.constantina.rs.leg.br/institucional_com_erro/noticias/IMG_3494.JPG/@@images/4da45f5e-e205-4b12-8d44-6d834f6484d9.jpeg\" alt=\"\" class=\"image-inline\" title=\"\" /></p>\r\n<div dir=\"auto\">A Administra\u00e7\u00e3o Municipal comunica que, em fun\u00e7\u00e3o da previs\u00e3o de chuva para o domingo, 03 de setembro, a caminhada c\u00edvica foi <span><a tabindex=\"-1\"></a></span>TRANSFERIDA para o dia 07 de setembro.\u00a0<span>Convidamos a comunidade para prestigiar o evento que acontece na quinta-feira, 07/09, a partir das 08h30 na Av. Am\u00e2ndio Ara\u00fajo.</span></div>\r\n<div dir=\"auto\"><span><br /></span></div>\r\n<p><img src=\"https://www.constantina.rs.leg.br/institucional_com_erro/noticias/371811835_1349879679243521_6600600209171324306_n.jpg/@@images/39acb4da-a7c4-4e07-9d5f-2c2639536b7c.jpeg\" alt=\"\" class=\"image-inline\" title=\"\" /></p>", "author_name": "", "version": "1.0", "author_url": "https://www.constantina.rs.leg.br/author/patrick", "provider_name": "C\u00e2mara Municipal", "type": "rich"}