{"provider_url": "https://www.constantina.rs.leg.br", "title": "AHCROS RECEBE DOA\u00c7\u00c3O DE AUTOM\u00d3VEL", "html": "<p><span>No dia 26 de janeiro a fam\u00edlia do senhor Etelvino Zanella realizou a doa\u00e7\u00e3o de um autom\u00f3vel (Corcel I, 1976) para a dire\u00e7\u00e3o da Associa\u00e7\u00e3o Hospitalar Comunit\u00e1ria Regional de Sa\u00fade (AHCROS).</span></p>\r\n<p>Etelvino que foi um dos s\u00f3cios fundadores da associa\u00e7\u00e3o sempre esteve disposto a colaborar, e acompanhando a real situa\u00e7\u00e3o da AHCROS teve juntamente com sua fam\u00edlia a ideia de ajudar o Hospital.</p>\r\n<p><img src=\"https://www.constantina.rs.leg.br/institucional_com_erro/noticias/IMG_3651.JPG\" alt=\"\" class=\"image-inline\" title=\"\" /></p>\r\n<p>A maneira encontrada foi fazer a doa\u00e7\u00e3o de um autom\u00f3vel, para que a dire\u00e7\u00e3o da AHCROS possa fazer uma rifa ou um bingo, afim de arrecadar recursos, que ser\u00e3o usados para pagar as melhorias necess\u00e1rias na infraestrutura do Hospital.</p>\r\n<p>Zanella falou que todos devem encontrar uma maneira de colaborar com a AHCROS, e destacou a necessidade e preocupa\u00e7\u00e3o em garantir o funcionamento do Hospital, sendo essa uma demanda de toda a comunidade regional. Relatou que esse exemplo de doa\u00e7\u00e3o e colabora\u00e7\u00e3o com a associa\u00e7\u00e3o deve ser passado para as futuras gera\u00e7\u00f5es, pois todos um dia v\u00e3o precisar do Hospital.</p>\r\n<p><img src=\"https://www.constantina.rs.leg.br/institucional_com_erro/noticias/IMG_3660.JPG\" alt=\"\" class=\"image-inline\" title=\"\" /></p>\r\n<p>O Coordenador Geral da AHCROS, M\u00f3ises Loreno Alves dos Santos, agradeceu a atitude da fam\u00edlia do senhor Etelvino Zanella, o qual sempre esteve colaborando com o Hospital fazendo parte da dire\u00e7\u00e3o, e agora fez a doa\u00e7\u00e3o de um autom\u00f3vel para arrecadar recursos para a AHCROS.</p>\r\n<p>Participaram da entrega do autom\u00f3vel os membros da dire\u00e7\u00e3o da AHCROS, familiares do senhor Etelvino Zanella, Prefeito em exerc\u00edcio Adroaldo Ara\u00fajo, e o vereador Nildo Zanella representando o Poder Legislativo.\u00a0</p>\r\n<p><img src=\"https://www.constantina.rs.leg.br/institucional_com_erro/noticias/copy_of_IMG_3654.JPG\" alt=\"\" class=\"image-inline\" title=\"\" /></p>", "author_name": "", "version": "1.0", "author_url": "https://www.constantina.rs.leg.br/author/patrick", "provider_name": "C\u00e2mara Municipal", "type": "rich"}