{"provider_url": "https://www.constantina.rs.leg.br", "title": "Atividades vereador Vilson Menegazzo", "html": "<p><b>CAPACITA\u00c7\u00c3O: </b>Vereador sugeriu a administra\u00e7\u00e3o municipal de Constantina a CAPACITA\u00c7\u00c3O de um servidor municipal no setor de ajardinamento, poda e plantio de \u00e1rvores no per\u00edmetro urbano. Entende o vereador que ser\u00e1 importante no sentido de orientar a popula\u00e7\u00e3o com rela\u00e7\u00e3o ao plantio correto de \u00e1rvores no per\u00edmetro urbano, tendo cuidados com fia\u00e7\u00e3o, cal\u00e7adas e que n\u00e3o prejudique sinaliza\u00e7\u00e3o do tr\u00e2nsito, na orienta\u00e7\u00e3o e coordena\u00e7\u00e3o do servi\u00e7o de poda das \u00e1rvores no per\u00edmetro urbano, realizando poda de condu\u00e7\u00e3o e evitando que as \u00e1rvores plantadas atingem a fia\u00e7\u00e3o el\u00e9trica e a consequente poda por parte de funcion\u00e1rios da RGE.</p>\r\n<p><b>PRA\u00c7A IGREJA MATRIZ:</b><b> </b>Vilson Menegazzo pediu a designa\u00e7\u00e3o de um servidor municipal, 20 horas semanais, para realizar servi\u00e7o de limpeza di\u00e1ria, do corte da grama, plantio e poda de arvores, bem como plantio de flores em um dos locais mais bonitos da nossa cidade que \u00e9 a pra\u00e7a da Igreja Matriz S\u00e3o Jos\u00e9.</p>\r\n<p><b>RETIRADA DE \u00c1RVORE: </b>Solicitou tamb\u00e9m a retirada de \u00e1rvore que secou e amea\u00e7a cair, trecho entre R\u00e1dio Atl\u00e2ntica e a empresa Angelo de Martini Ve\u00edculos (terceira \u00e1rvore no sentido a direita da avenida), na Av. Jo\u00e3o Mafessoni.</p>\r\n<p><b>PODA DE \u00c1RVORES: </b>Comentou que em 2017 foi realizada audi\u00eancia p\u00fablica na C\u00e2mara de Vereadores que debateu a retirada de \u00e1rvores na entrada da nossa cidade. Na oportunidade ficou encaminhado que a Secretaria de Obras e Via\u00e7\u00e3o iria efetuar a poda dos galhos que atrapalham o transito de \u00f4nibus e caminh\u00f5es ca\u00e7amba no local. O trabalho n\u00e3o foi realizado. Solicitou providencias.</p>\r\n<p><b>DESTACOU:</b></p>\r\n<p><b>1)</b> A conquista da invernada mirim do CTG Taquaru\u00e7u em rodeio realizado em Victor Graeff no dia 29/04.18. Parabenizou patronagem, dan\u00e7arinos, professor, coordenadores e os pais.</p>\r\n<p><b>2)</b> Participa\u00e7\u00e3o de constantinenses do 10\u00ba gaita\u00e7o realizado em Almirante Tamandar\u00e9, onde de Constantina participaram:</p>\r\n<p>- Miguel Casagranda Bonfanti \u2013 09 anos, filho de Sandro e Silvano Bonfanti;</p>\r\n<p>- Irm\u00e3s Eduarda (12 anos) e Brenda Farezin (10 anos), filhas de Odacir e Elisandra Farezin;</p>\r\n<p>- Lucio Licio de Oliveira.</p>\r\n<p><b>3)</b> A participa\u00e7\u00e3o de LARA ANTONIAZZI ALBA, 12 anos, filha de Adir e Maria Jos\u00e9 Alba em festival da can\u00e7\u00e3o realizado no dia 27/04/18 em Lind\u00f3ia do Sul \u2013 SC, obtendo 9\u00ba lugar entre 28 participantes.</p>\r\n<p><b>4)</b> A presen\u00e7a da empresa URNAS RIGON em Exposi\u00e7\u00e3o realiza\u00e7\u00e3o em Natal e a realiza\u00e7\u00e3o de um novo Congresso da empresa que ser\u00e1 realizado nos dias 17 e 18 de maio em Vit\u00f3ria \u2013 Espirito Santo.</p>\r\n<p><b>5)</b> A presen\u00e7a dos jovens Angelo Guarezi, Jo\u00e3o Cazarotto e Alexander Danelli em est\u00e1gio na C\u00e2mara dos Deputados em Bras\u00edlia.</p>\r\n<p><img src=\"https://www.constantina.rs.leg.br/institucional_com_erro/noticias/Vilson.png/@@images/7da1ce72-7051-40a4-b599-bbebe9eb9447.png\" alt=\"\" class=\"image-inline\" title=\"\" /></p>", "author_name": "", "version": "1.0", "author_url": "https://www.constantina.rs.leg.br/author/patrick", "provider_name": "C\u00e2mara Municipal", "type": "rich"}