{"provider_url": "https://www.constantina.rs.leg.br", "title": "CONSTANTINA ESTEVE PRESENTE NO 14\u00ba ENGITEC", "html": "<p><span><span>O EnGITEC \u00e9 o maior encontro anual de tecnologia e inova\u00e7\u00e3o do legislativo brasileiro. \u00c9 formado por uma comunidade de 800 membros, que s\u00e3o servidores do Interlegis e de casas legislativas municipais e estaduais Brasil afora. Assim, o encontro serve para materializar todo o interc\u00e2mbio tecnol\u00f3gico e os relacionamentos que s\u00e3o realizados virtualmente, entre os servidores. Al\u00e9m disso, o evento promove a atualiza\u00e7\u00e3o tecnol\u00f3gica dos participantes, atrav\u00e9s de palestras, espa\u00e7os abertos, palestras rel\u00e2mpagos, minicursos e mesas redondas.</span></span></p>\r\n<p><span><img src=\"https://www.constantina.rs.leg.br/institucional/noticias/WhatsAppImage20240608at11.38.39.jpeg/@@images/54d1df83-6d5b-46fd-acb5-bcdd30af7c66.jpeg\" alt=\"\" class=\"image-inline\" title=\"\" /></span></p>\r\n<p><span>Neste ano, a 14\u00aa edi\u00e7\u00e3o EnGITEC teve como tema \"Legislativo Inteligente\", que \u00e9 sobre o uso da Intelig\u00eancia Artificial (IA) no legislativo brasileiro. A ideia \u00e9 entender como a IA pode ajudar no trabalho dos servidores, tornando a administra\u00e7\u00e3o p\u00fablica cada vez mais moderna e eficiente na presta\u00e7\u00e3o de servi\u00e7o \u00e0 sociedade. O debate tamb\u00e9m vem no sentido de desmistificar o uso da ferramenta.</span></p>\r\n<p>\u00a0<img src=\"https://www.constantina.rs.leg.br/institucional/noticias/copy2_of_WhatsAppImage20240606at14.50.39.jpeg/@@images/75f9a79b-cd5e-4ddd-bc9c-bd6d410ed287.jpeg\" alt=\"\" class=\"image-inline\" title=\"\" /></p>\r\n<p>Ao todo, o evento contou com cerca de 30 atividades, entre oficinas e palestras, que foram realizadas de 3 a 7 de junho, em Bras\u00edlia. As oficinas ocorreram no Instituto Legislativo Brasileiro (ILB), que fica perto da gr\u00e1fica do Senado Federal; enquanto que as palestras foram realizadas no audit\u00f3rio do Instituto Brasileiro de Ensino, Desenvolvimento e Pesquisa (IDP), localizado na Asa Sul da Capital Federal.</p>\r\n<p>\u00a0<img src=\"https://www.constantina.rs.leg.br/institucional/noticias/WhatsAppImage20240607at22.28.35.jpeg/@@images/a27aae99-6d65-4a19-a3df-9abcd4ae2771.jpeg\" alt=\"\" class=\"image-inline\" title=\"\" /></p>\r\n<p>A caravana Constantinense foi formada pelos vereadores, Angelo Guaresi, Ari Giacomni e Cristian Bratz. E os servidores da Casa, Fabricio Giacomini e Patrick Savaris.</p>\r\n<p>\u00a0<img src=\"https://www.constantina.rs.leg.br/institucional/noticias/WhatsAppImage20240607at17.31.26.jpeg/@@images/4a283d21-65e1-415a-9c49-cb5433fe3a22.jpeg\" alt=\"\" class=\"image-inline\" title=\"\" /></p>\r\n<h3><strong>05/06/2024</strong></h3>\r\n<p>\u2022\u00a0\u00a0\u00a0\u00a0\u00a0\u00a0\u00a0\u00a0\u00a0 A TI no centro do Legislativo: o exemplo da Justi\u00e7a do Trabalho.</p>\r\n<p>\u2022\u00a0\u00a0\u00a0\u00a0\u00a0\u00a0\u00a0\u00a0\u00a0 Moderniza\u00e7\u00e3o em 365 dias.</p>\r\n<p>\u2022\u00a0\u00a0\u00a0\u00a0\u00a0\u00a0\u00a0\u00a0\u00a0 O Legislativo Inteligente \u00e9 Diverso.</p>\r\n<p>\u2022\u00a0\u00a0\u00a0\u00a0\u00a0\u00a0\u00a0\u00a0\u00a0 Desmistificando o uso da IA no Poder Legislativo: de onde elas v\u00eam? do que elas se alimentam?</p>\r\n<p><iframe src=\"https://www.youtube.com/embed/8xG5qgGKlqA?si=xjjMnmp35moKaTSg\" title=\"YouTube video player\" width=\"560\" height=\"315\" allowfullscreen=\"\" frameborder=\"0\" style=\"\"></iframe></p>\r\n<p><iframe src=\"https://www.youtube.com/embed/pXKOPQsuQhw?si=I0Ud1kl-AOFMXCLE\" title=\"YouTube video player\" width=\"560\" height=\"315\" allowfullscreen=\"\" frameborder=\"0\" style=\"\"></iframe></p>\r\n<h3><strong>06/06/2024</strong></h3>\r\n<p>\u2022\u00a0\u00a0\u00a0\u00a0\u00a0\u00a0\u00a0\u00a0\u00a0 Pr\u00f3ximos passos na proje\u00e7\u00e3o e transmiss\u00e3o para C\u00e2maras Municipais.</p>\r\n<p>\u2022\u00a0\u00a0\u00a0\u00a0\u00a0\u00a0\u00a0\u00a0\u00a0 Intelig\u00eancia Artificial na Transcri\u00e7\u00e3o de Discursos e Pronunciamentos no Senado Federal.</p>\r\n<p>\u2022\u00a0\u00a0\u00a0\u00a0\u00a0\u00a0\u00a0\u00a0\u00a0 Prote\u00e7\u00e3o de dados pessoais: o desafio da implanta\u00e7\u00e3o da LGPD no Poder Legislativo.</p>\r\n<p>\u2022\u00a0\u00a0\u00a0\u00a0\u00a0\u00a0\u00a0\u00a0\u00a0 A Transforma\u00e7\u00e3o Digital no Processo Legislativo: Utilizando 100% do SAPL para Otimizar a Atua\u00e7\u00e3o Parlamentar.</p>\r\n<p>\u2022\u00a0\u00a0\u00a0\u00a0\u00a0\u00a0\u00a0\u00a0\u00a0 IA no Legislativo: a experi\u00eancia da C\u00e2mara dos Deputados.</p>\r\n<p><iframe src=\"https://www.youtube.com/embed/jiq6LTdaZRk?si=uSpdhuKPlysqiMKj\" title=\"YouTube video player\" width=\"560\" height=\"315\" allowfullscreen=\"\" frameborder=\"0\" style=\"\"></iframe></p>\r\n<p><iframe src=\"https://www.youtube.com/embed/ozGPCwzp2h8?si=NJgRxyo465QyNeKD\" title=\"YouTube video player\" width=\"560\" height=\"315\" allowfullscreen=\"\" frameborder=\"0\" style=\"\"></iframe></p>\r\n<h3><strong>07/06/2024</strong></h3>\r\n<p>\u2022\u00a0\u00a0\u00a0\u00a0\u00a0\u00a0\u00a0\u00a0\u00a0 PNTP - Programa Nacional de Transpar\u00eancia P\u00fablica.</p>\r\n<p>\u2022\u00a0\u00a0\u00a0\u00a0\u00a0\u00a0\u00a0\u00a0\u00a0 Panorama das Avalia\u00e7\u00f5es dos Portais da Transpar\u00eancia P\u00fablica do Poder Legislativo. E abordagem da Recomenda\u00e7\u00e3o da cartilha \u201cTranspar\u00eancia P\u00fablica\u201d do TCE-TO na padroniza\u00e7\u00e3o do layout do Portal da Transpar\u00eancia.</p>\r\n<p>\u2022\u00a0\u00a0\u00a0\u00a0\u00a0\u00a0\u00a0\u00a0\u00a0 Selo Transpar\u00eancia.</p>\r\n<p><iframe src=\"https://www.youtube.com/embed/xPWyZzi2P4c?si=ghbPgM248BB4LEit\" title=\"YouTube video player\" width=\"560\" height=\"315\" allowfullscreen=\"\" frameborder=\"0\" style=\"\"></iframe></p>\r\n<p><img src=\"https://www.constantina.rs.leg.br/institucional/noticias/WhatsAppImage20240607at17.14.40.jpeg/@@images/7a8b62ba-febd-4fe0-bc37-61da3f9a21d4.jpeg\" alt=\"\" class=\"image-inline\" title=\"\" /></p>\r\n<p><img src=\"https://www.constantina.rs.leg.br/institucional/noticias/WhatsAppImage20240608at11.36.08.jpeg/@@images/52112add-f4c6-487d-8368-55bcc277fedf.jpeg\" alt=\"\" class=\"image-inline\" title=\"\" /></p>", "author_name": "", "version": "1.0", "author_url": "https://www.constantina.rs.leg.br/author/patrick", "provider_name": "C\u00e2mara Municipal", "type": "rich"}