{"provider_url": "https://www.constantina.rs.leg.br", "title": "CONVITE", "html": "<p align=\"center\">CONVITE</p>\r\n<p>\u00a0</p>\r\n<p>\u00a0</p>\r\n<p>A C\u00e2mara Municipal de Vereadores de Constantina convida Vossa Excel\u00eancia para participar de reuni\u00e3o com a equipe da 15\u00aa Coordenadoria Regional de Sa\u00fade, que ser\u00e1 realizada no dia 28 de junho de 2017 (quarta-feira), \u00e0s 15h, no plen\u00e1rio da C\u00e2mara.</p>\r\n<p>\u00a0</p>\r\n<p>Na oportunidade ser\u00e3o tratados assuntos referente \u00e0 regionaliza\u00e7\u00e3o dos partos e ces\u00e1reas (Rede Cegonha), e repassadas informa\u00e7\u00f5es da reuni\u00e3o realizada pela 15\u00aa CRS em Porto Alegre, em 23/06/2017, sobre a AHCROS.</p>\r\n<p>\u00a0</p>\r\n<p>Antecipadamente, agradecemos pela presen\u00e7a.</p>\r\n<p>\u00a0</p>\r\n<p>\u00a0<img src=\"https://www.constantina.rs.leg.br/institucional_com_erro/noticias/copy_of_Convite.jpg\" alt=\"\" class=\"image-inline\" title=\"\" /></p>\r\n<p>\u00a0</p>\r\n<p>\u00a0</p>\r\n<p>\u00a0\u00a0\u00a0\u00a0\u00a0\u00a0\u00a0\u00a0\u00a0\u00a0\u00a0\u00a0\u00a0\u00a0\u00a0\u00a0\u00a0\u00a0\u00a0\u00a0\u00a0\u00a0\u00a0\u00a0\u00a0\u00a0\u00a0\u00a0\u00a0\u00a0\u00a0\u00a0\u00a0\u00a0\u00a0\u00a0\u00a0\u00a0\u00a0\u00a0\u00a0\u00a0\u00a0\u00a0\u00a0\u00a0\u00a0\u00a0\u00a0\u00a0\u00a0\u00a0\u00a0\u00a0\u00a0\u00a0\u00a0\u00a0\u00a0\u00a0\u00a0\u00a0\u00a0</p>\r\n<p>\u00a0</p>\r\n<p>\u00a0</p>", "author_name": "", "version": "1.0", "author_url": "https://www.constantina.rs.leg.br/author/patrick", "provider_name": "C\u00e2mara Municipal", "type": "rich"}