{"provider_url": "https://www.constantina.rs.leg.br", "title": "Presidente Aborda V\u00e1rios Assuntos", "html": "\r\n<p align=\"center\" style=\"text-align: left;\"><span style=\"text-align: justify;\">&nbsp; &nbsp;</span><span style=\"text-align: justify;\">Em\r\nseu pronunciamento o presidente da c\u00e2mara, Vereador Aluisio Valle (PMDB)\r\ncomentou sobre a necessidade de melhorias na ilumina\u00e7\u00e3o p\u00fablica. \u201cComo alguns\r\nvereadores tamb\u00e9m comentaram, temos v\u00e1rias ruas em nossa cidade que precisam de\r\nmelhorias na ilumina\u00e7\u00e3o p\u00fablica\u201d. Na oportunidade, parabenizou os alunos do 6\u00ba\r\nano da Escola Estadual de Ensino M\u00e9dio S\u00e3o Jos\u00e9 orientados pelo professor Gerri\r\nSawaris pelo belo projeto de cria\u00e7\u00e3o do museu digital de Constantina. Tamb\u00e9m\r\ndestacou a importante reuni\u00e3o que aconteceu no munic\u00edpio de Rondinha para a\r\nreativa\u00e7\u00e3o da Associa\u00e7\u00e3o das C\u00e2maras de Vereadores da Zona da Produ\u00e7\u00e3o (ASCAPRO).\r\n\u201cFoi uma importante reuni\u00e3o onde mais de 12 munic\u00edpios estiveram representados\r\ntodos empenhados para a reativa\u00e7\u00e3o da associa\u00e7\u00e3o, quero nesta oportunidade\r\nconvidar a todos os vereadores para participar da pr\u00f3xima reuni\u00e3o que vai\r\nacontecer no dia 13 de julho no munic\u00edpio de Sarandi, ocasi\u00e3o esta que ser\u00e1\r\ndecidida a nova diretoria\u201d, salientou.&nbsp;</span></p>\r\n<p align=\"center\" style=\"text-align: left;\"><span style=\"text-align: justify;\"><br /></span></p>\r\n<p align=\"center\" style=\"text-align: left;\"><span style=\"text-align: justify;\">Sobre as manifesta\u00e7\u00f5es que est\u00e3o\r\nacontecendo em todo o pa\u00eds o presidente ressaltou \u201c Este \u00e9 um recado para os\r\npol\u00edticos e n\u00e3o para os partidos, est\u00e1 na hora de votarmos em pol\u00edticos que n\u00e3o\r\nestejam comprometidos com acordos\u201d. Al\u00e9m disso, o presidente enfatizou \u201ctomara\r\nque estas mobiliza\u00e7\u00f5es sirvam para que as pessoas de bem entrem no meio\r\npol\u00edtico, pois dizem estar cansados de ver tanta coisa errada e ningu\u00e9m faz\r\nnada, que isso sirva para transformar a realidade de nosso pa\u00eds\u201d, finalizou.</span><span style=\"text-align: justify;\">&nbsp;&nbsp;</span></p>\r\n", "author_name": "fernandamarcondes", "version": "1.0", "author_url": "https://www.constantina.rs.leg.br/author/fernandamarcondes", "provider_name": "C\u00e2mara Municipal", "type": "rich"}