{"provider_url": "https://www.constantina.rs.leg.br", "title": "Programa\u00e7\u00e3o Semana da P\u00e1tria", "html": "\r\n<p>Teve in\u00edcio ontem (01/09/2013) a semana da P\u00e1tria. H\u00e1 um cronograma onde cada entidade \u00e9 respons\u00e1vel pelo hasteamento e arriamento da Bandeira. Na oportunidade s\u00e3o feitas diversas apresenta\u00e7\u00f5es e homenagens a p\u00e1tria. O Poder Legislativo, Executivo, escolas, demais entidades e comunidade em geral estiveram prestigiando estas homenagens que seguem at\u00e9 o dia 07 de setembro. Segue ao lado o cronograma.</p>\r\n<p><img class=\"image-inline\" src=\"../../imagens/inoticias/Semana%20da%20Patria%2002-09-13.jpg/image_preview\" alt=\"Semana da P\u00e1tria 02-09-13\" /><img class=\"image-inline\" src=\"../../imagens/inoticias/Semana%20da%20Patria%2002-09-13%20publico.jpg/image_preview\" alt=\"Semana da P\u00e1tria 02-09-13 Vereadores\" /></p>\r\n", "author_name": "fernandamarcondes", "version": "1.0", "author_url": "https://www.constantina.rs.leg.br/author/fernandamarcondes", "provider_name": "C\u00e2mara Municipal", "type": "rich"}