{"provider_url": "https://www.constantina.rs.leg.br", "title": "Recesso Legislativo neste M\u00eas", "html": "\r\n<p>O Poder Legislativo est\u00e1 em recesso neste m\u00eas de fevereiro, ou seja, n\u00e3o s\u00e3o realizadas as sess\u00f5es ordin\u00e1rias neste m\u00eas. Por\u00e9m, a C\u00e2mara de Vereadores continua com atendimento a comunidade em hor\u00e1rio normal das 8h as 11:30h e das 13:30h as 17h. A primeira sess\u00e3o ap\u00f3s o recesso Legislativo acontece dia 06 de mar\u00e7o de 2014 as 18h e toda a comunidade est\u00e1 convidada a participar.</p>\r\n", "author_name": "fernandamarcondes", "version": "1.0", "author_url": "https://www.constantina.rs.leg.br/author/fernandamarcondes", "provider_name": "C\u00e2mara Municipal", "type": "rich"}