{"provider_url": "https://www.constantina.rs.leg.br", "title": "Reuni\u00e3o Comiss\u00f5es Hoje", "html": "\r\n<p style=\"text-align: justify;\">As Comiss\u00f5es\r\nde <strong>Legisla\u00e7\u00e3o, justi\u00e7a, finan\u00e7as e\r\nor\u00e7amento</strong> e <strong>de Obras e servi\u00e7os\r\np\u00fablicos, agricultura, educa\u00e7\u00e3o, sa\u00fade e assist\u00eancia</strong> reuniram-se na manh\u00e3\r\ndo dia 09 de janeiro de 2014, com a seguinte pauta: Defini\u00e7\u00e3o dos membros das\r\nComiss\u00f5es para o ano de 2014 e An\u00e1lise do Projeto de Lei n\u00ba 090/2013 que disp\u00f5e\r\nsobre o sistema de coleta seletiva de res\u00edduos s\u00f3lidos. Ainda, a Comiss\u00e3o\r\ndecidiu por unanimidade em incluir na ordem do dia da sess\u00e3o do dia 09.01 o\r\nProjeto de Lei n\u00ba 01/2014, que altera a Lei n\u00ba 2.763/2010, que reduz o prazo de\r\ninalienabilidade dos im\u00f3veis doados para a Cooperativa Nossa Senhora de F\u00e1tima\r\nde 5 (cinco) anos, para 3 (tr\u00eas) anos. A comiss\u00e3o de <strong>Legisla\u00e7\u00e3o, justi\u00e7a, finan\u00e7as e or\u00e7amento ficou assim composta: Gerri\r\nSawaris, Ari Dirceu Giacomini e Lindomar Duranti&nbsp;</strong>e a comiss\u00e3o de <strong>Obras e servi\u00e7os p\u00fablicos, agricultura,\r\neduca\u00e7\u00e3o, sa\u00fade e assist\u00eancia ficou com a seguinte composi\u00e7\u00e3o: Marcio Sareto,\r\nEdemar Muneron e Lirio Rigon.</strong></p>\r\n", "author_name": "fernandamarcondes", "version": "1.0", "author_url": "https://www.constantina.rs.leg.br/author/fernandamarcondes", "provider_name": "C\u00e2mara Municipal", "type": "rich"}