{"provider_url": "https://www.constantina.rs.leg.br", "title": "Sess\u00e3o Ordin\u00e1ria Hoje 19/12/2013", "html": "\r\n<p>Acontece Hoje a tarde as 18h a 22\u00aa Sess\u00e3o Ordin\u00e1ria na C\u00e2mara de Vereadores com a seguinte Ordem do Dia:</p>\r\n<p>&nbsp;</p>\r\n<p><span id=\"docs-internal-guid-132b74e1-0c65-e006-15e9-28ce62b003d2\"></span></p>\r\n<div dir=\"ltr\">\r\n<table><colgroup><col width=\"739\"></colgroup>\r\n<tbody>\r\n<tr>\r\n<td>\r\n<p style=\"text-align: justify;\" dir=\"ltr\">PROJETO DE LEI N\u00ba. 087/2013 \u2013 AUTORIZA O PODER EXECUTIVO A CONCEDER O USO DE IM\u00d3VEL DO MUNIC\u00cdPIO DE CONSTANTINA.</p>\r\n</td>\r\n</tr>\r\n<tr>\r\n<td>\r\n<p style=\"text-align: justify;\" dir=\"ltr\">PROJETO DE LEI N\u00ba 089/2013 \u2013 \u201cCRIA O CONSELHO MUNICIPAL DE DEFESA CIVIL DO MUNIC\u00cdPIO DE CONSTANTINA E D\u00c1 OUTRAS PROVID\u00caNCIAS\u201d.</p>\r\n</td>\r\n</tr>\r\n<tr>\r\n<td>\r\n<p style=\"text-align: justify;\" dir=\"ltr\">PROJETO DE LEI N\u00ba 091/2013 \u2013 \u201cAUTORIZA O PODER EXECUTIVO MUNICIPAL A PROCEDER ALIENA\u00c7\u00c3O DE BEM\u201d.</p>\r\n</td>\r\n</tr>\r\n<tr>\r\n<td>\r\n<p style=\"text-align: justify;\" dir=\"ltr\">PROJETO DE LEI N\u00ba 092/2013 \u2013 \u201cACRESCENTA O INCISO XX AO ARTIGO 1\u00ba. DA LEI MUNICIPAL N\u00ba 1.752, DE 30 DE OUTUBRO DE 2001, QUE FIXA O PER\u00cdMETRO URBANO NA CIDADE DE CONSTANTINA, SUA LINHA DEMARCAT\u00d3RIA E SUAS ALTERA\u00c7\u00d5ES POSTERIORES, E D\u00c1 OUTRAS PROVID\u00caNCIAS\u201d.</p>\r\n</td>\r\n</tr>\r\n<tr>\r\n<td>\r\n<p style=\"text-align: justify;\" dir=\"ltr\">PROJETO DE LEI N\u00ba 093/2013 \u2013 \u201cAUTORIZA O EXECUTIVO MUNICIPAL A EFETUAR CONTRATA\u00c7\u00d5ES TEMPOR\u00c1RIAS POR EXCEPCIONAL INTERESSE P\u00daBLICO PARA SUPRIR NECESSIDADES DA SECRETARIA MUNICIPAL DE AGRICULTURA E DA SECRETARIA MUNICIPAL DE OBRAS E VIA\u00c7\u00c3O, E D\u00c1 OUTRAS PROVID\u00caNCIAS\u201d.</p>\r\n</td>\r\n</tr>\r\n<tr>\r\n<td>\r\n<p style=\"text-align: justify;\" dir=\"ltr\">PROJETO DE LEI N.\u00ba 94/2013 \u2013 AUTORIZA O MUNIC\u00cdPIO DE CONSTANTINA A FILIAR-SE A ASSOCIA\u00c7\u00c3O DOS MUNIC\u00cdPIOS DA ZONA DA PRODU\u00c7\u00c3O \u2013 AMZOP, E D\u00c1 OUTRAS PROVIDENCIAS.</p>\r\n</td>\r\n</tr>\r\n<tr>\r\n<td>\r\n<p style=\"text-align: justify;\" dir=\"ltr\">PROJETO DE LEI N\u00ba 095/2013 \u2013 \u201cAUTORIZA O MUNIC\u00cdPIO A DOAR BEM IM\u00d3VEL E D\u00c1 OUTRAS PROVID\u00caNCIAS\u201d.</p>\r\n</td>\r\n</tr>\r\n<tr>\r\n<td>\r\n<p style=\"text-align: justify;\" dir=\"ltr\">PROJETO DE LEI N.\u00ba 97/2013 \u2013 D\u00c1 NOVA REDA\u00c7\u00c3O AO PARAGRAFO \u00daNICO DO ARTIGO 7\u00ba DA LEI MUNICIPAL N.\u00ba 1.437/94.</p>\r\n</td>\r\n</tr>\r\n<tr>\r\n<td>\r\n<p style=\"text-align: justify;\" dir=\"ltr\">PROJETO DE LEI N.\u00ba 98/2013 \u2013 AUTORIZA O PODER EXECUTIVO MUNICIPAL A EFETUAR CONTRATA\u00c7\u00d5ES TEMPOR\u00c1RIAS POR EXCEPCIONAL INTERESSE P\u00daBLICO PARA SUPRIR NECESSIDADES DA SECRETARIA MUNICIPAL DE S\u00c1UDE E MEIO AMBIENTE, E D\u00c1 OUTRAS PROVID\u00caNCIAS.</p>\r\n</td>\r\n</tr>\r\n<tr>\r\n<td>\r\n<p style=\"text-align: justify;\" dir=\"ltr\">PROJETO DE LEI N\u00ba. 99/2013 \u2013 AUTORIZA O PODER EXECUTIVO A RECONHECER, EMPENHAR E PAGAR DESPESAS DE CAPITAL, RELATIVAS AO EXERC\u00cdCIO DE 2011, ABRIR CR\u00c9DITO ADICIONAL ESPECIAL NO OR\u00c7AMENTO VIGENTE E D\u00c1 OUTRAS PROVID\u00caNCIAS.</p>\r\n</td>\r\n</tr>\r\n<tr>\r\n<td>\r\n<p style=\"text-align: justify;\" dir=\"ltr\">PROJETO DE LEI N\u00ba. 100/2013 \u2013 AUTORIZA O PODER EXECUTIVO MUNICIPAL A CELEBRAR CONV\u00caNIO COM O S\u00c3O RAFAEL HOSPITAL BENEFICENTE E D\u00c1 OUTRAS PROVID\u00caNCIAS.</p>\r\n</td>\r\n</tr>\r\n<tr>\r\n<td>\r\n<p style=\"text-align: justify;\" dir=\"ltr\">PROJETO DE LEI N\u00ba 101/2013 \u2013 DISP\u00d5E SOBRE A SIUPLEMENTA\u00c7\u00c3O OR\u00c7AMENT\u00c1RIA NO VALOR DE R$ 198.478,57 E APONTA RECURSOS.</p>\r\n</td>\r\n</tr>\r\n<tr>\r\n<td>\r\n<p style=\"text-align: justify;\" dir=\"ltr\">PROJETO DE LEI DO LEGISLATIVO N\u00ba 08/2013 \u2013 ALTERA A LEI MUNICIPAL N\u00ba 1.977/2003 QUE DISP\u00d3E SOBRE A CONTRIBUI\u00c7\u00c3O DE MELHORIA E D\u00c1 OUTRAS PROVID\u00caNCIAS.</p>\r\n</td>\r\n</tr>\r\n<tr>\r\n<td>\r\n<p style=\"text-align: justify;\" dir=\"ltr\">ELEI\u00c7\u00c3O DA MESA DIRETORA PARA A 02\u00aa SESS\u00c3O LEGISLATIVA ORDIN\u00c1RIA DA 22\u00aa SESS\u00c3O ORDIN\u00c1RIA.</p>\r\n</td>\r\n</tr>\r\n</tbody>\r\n</table>\r\n</div>\r\n<div dir=\"ltr\">Toda a Comunidade est\u00e1 convidada a participar!!</div>\r\n", "author_name": "fernandamarcondes", "version": "1.0", "author_url": "https://www.constantina.rs.leg.br/author/fernandamarcondes", "provider_name": "C\u00e2mara Municipal", "type": "rich"}