{"provider_url": "https://www.constantina.rs.leg.br", "title": "Vereador Gerri Cobra Informa\u00e7\u00f5es", "html": "\r\n<p align=\"center\" style=\"text-align: left;\"><span style=\"text-align: justify;\">Na\r\ntribuna o vereador Gerri Sawaris (PT) cobrou a resposta de um pedido de\r\ninforma\u00e7\u00e3o encaminhado pelos vereadores em maio solicitando c\u00f3pia do relat\u00f3rio\r\ndo controle interno, j\u00e1 se passaram quase 6 meses e as informa\u00e7\u00f5es ainda n\u00e3o\r\nhaviam chegado junto a Casa Legislativa. \u201c Se n\u00f3s que somos apenas em 9\r\nvereadores e temos a fun\u00e7\u00e3o de fiscalizar n\u00e3o recebemos as informa\u00e7\u00f5es imaginem\r\na comunidade </span>em geral.\r\n Al\u00e9m<span style=\"text-align: justify;\"> do mais, dentro da lei org\u00e2nica do munic\u00edpio est\u00e1\r\nescrito que o vereador pode solicitar as informa\u00e7\u00f5es que achar necess\u00e1rio e o\r\nPrefeito</span><span style=\"text-align: justify;\">&nbsp; </span><span style=\"text-align: justify;\">fez o juramento cumprir as\r\nleis, pergunto porque n\u00e3o envia as informa\u00e7\u00f5es para C\u00e2mara?\u201d questionou.</span><span style=\"text-align: justify;\">&nbsp; </span><span style=\"text-align: justify;\">O vereador comentou tamb\u00e9m que \u00e9 necess\u00e1rio\r\nfazer um sistema de protocolo de atendimento de solicita\u00e7\u00e3o de servi\u00e7os junto\r\nas secretarias, tendo em vista, v\u00e1rias reclama\u00e7\u00f5es de atrasos ou de servi\u00e7os\r\nn\u00e3o prestados pelo Executivo aos cidad\u00e3os. \u201cSe hoje um cidad\u00e3o atrasa o IPTU </span><span style=\"text-align: justify;\">&nbsp;</span><span style=\"text-align: justify;\">\u00e9 cobrado multa e o que acontece se o servi\u00e7o\r\nn\u00e3o \u00e9 prestado,quem responde por isso? Pois, nesta semana o Jornal Folha da\r\nProdu\u00e7\u00e3o citou o caso da solicita\u00e7\u00e3o de</span><span style=\"text-align: justify;\">&nbsp;\r\n</span><span style=\"text-align: justify;\">troca de l\u00e2mpadas na pra\u00e7a Get\u00falio Vargas a mais de um ano e ainda n\u00e3o\r\nhavia sido trocada , entre outros casos\u201d. Finalizou pedindo o apoio de todos os\r\ncolegas para levar adiante esta ideia.</span></p>\r\n", "author_name": "fernandamarcondes", "version": "1.0", "author_url": "https://www.constantina.rs.leg.br/author/fernandamarcondes", "provider_name": "C\u00e2mara Municipal", "type": "rich"}