{"provider_url": "https://www.constantina.rs.leg.br", "title": "Vereadores Visitam a Escola Am\u00e2ndio Ara\u00fajo", "html": "\r\n<p align=\"center\" style=\"text-align: left;\" class=\"MsoNoSpacing\"><span style=\"text-align: justify;\">Com o objetivo\r\nde aproximar a C\u00e2mara de Vereadores e os alunos a dire\u00e7\u00e3o da escola Municipal de\r\nEnsino Fundamental Am\u00e2ndio Ara\u00fajo convidou os vereadores para que fossem at\u00e9 \u00e0 escola fazer uma visita. \u201cEsta foi uma forma que achamos para aproximar os\r\nalunos do Poder Legislativo, para que eles possam conhecer melhor o trabalho\r\ndos vereadores e as fun\u00e7\u00f5es deste Poder\u201d, explicou a coordenadora pedag\u00f3gica da\r\nescola, professora Jussara De Martini. Na segunda-feira dia 27/04/2015 os\r\nvereadores estiveram visitando a escola Am\u00e2ndio Ara\u00fajo do Bairro S\u00e3o Roque pela\r\nparte da manh\u00e3. A presidente da C\u00e2mara, vereadora Cleusa Tomazelli abriu os\r\ntrabalhos falando da import\u00e2ncia de estudar, de participar e estar ativo na\r\ncomunidade. Depois cada vereador presente fez uso da palavra explicando a\r\nfun\u00e7\u00e3o do vereador e o papel do Poder Legislativo. Tamb\u00e9m parabenizaram os\r\nalunos pelo dom\u00ednio ao cantar o hino do munic\u00edpio. Em seguida, os alunos\r\nfizeram questionamentos, tirando d\u00favidas e curiosidades sobre os trabalhos\r\ndesenvolvidos junto a Casa Legislativa. A diretora da Escola agradeceu aos\r\nvereadores por terem aceitado o convite e prestigiarem os trabalhos que s\u00e3o\r\ndesenvolvidos pela entidade. Por fim, a aluna Jocemara Antunes Barbosa,\r\nrepresentando a escola e a comunidade do Bairro S\u00e3o Roque entregou um of\u00edcio\r\npara a presidente da C\u00e2mara solicitando as seguintes demandas:</span></p>\r\n<p style=\"text-align: justify;\" class=\"MsoNoSpacing\">-Constru\u00e7\u00e3o de uma pra\u00e7a e academia\r\npopular no bairro;</p>\r\n<p style=\"text-align: justify;\" class=\"MsoNoSpacing\">- Pavimenta\u00e7\u00e3o nas ruas que ainda n\u00e3o h\u00e1\r\ncal\u00e7amento;</p>\r\n<p style=\"text-align: justify;\" class=\"MsoNoSpacing\">-Melhorias no passeio em frente a escola\r\ne o gin\u00e1sio de esportes at\u00e9 o acesso a Rua Jo\u00e3o Maffessoni;</p>\r\n<p style=\"text-align: justify;\" class=\"MsoNoSpacing\">- Amplia\u00e7\u00e3o e melhorias no espa\u00e7o da\r\nEscola onde funciona a Educa\u00e7\u00e3o Infantil (adequa\u00e7\u00e3o das salas de aula,\r\nconstru\u00e7\u00e3o de pracinha, quadra de areia e espa\u00e7o externo para recrea\u00e7\u00e3o);</p>\r\n<p style=\"text-align: justify;\" class=\"MsoNoSpacing\">- Constru\u00e7\u00e3o de um abrigo para esperar o\r\ntransporte escolar em frente a escola;</p>\r\n<p style=\"text-align: justify;\" class=\"MsoNoSpacing\">- Constru\u00e7\u00e3o de um campo de futebol.</p>\r\n<p>&nbsp;</p>\r\n<p style=\"text-align: justify;\" class=\"MsoNoSpacing\">Os vereadores receberam o of\u00edcio e ir\u00e3o\r\nencaminhar estas demandas aos \u00f3rg\u00e3os competentes.</p>\r\n<p style=\"text-align: justify;\" class=\"MsoNoSpacing\">&nbsp;<img class=\"image-inline\" src=\"../../imagens/inoticias/Visita%20Escola%20Amandio%2027-04-15%20Presidente.jpg/image_preview\" alt=\"Visita Escola Am\u00e2ndio Ara\u00fajo 02\" /><img class=\"image-inline\" src=\"../../imagens/inoticias/Visita%20Escola%20Amandio%2027-04-15%20Oficio.jpg/image_preview\" alt=\"Visita Escola Am\u00e2ndio Ara\u00fajo 01\" /></p>\r\n", "author_name": "fernandamarcondes", "version": "1.0", "author_url": "https://www.constantina.rs.leg.br/author/fernandamarcondes", "provider_name": "C\u00e2mara Municipal", "type": "rich"}