{"provider_url": "https://www.constantina.rs.leg.br", "title": "Legislativo realiza 14\u00ba Sess\u00e3o de 2017", "html": "<p>Na noite do dia 21 de agosto foi realizada a 14\u00ba sess\u00e3o ordin\u00e1ria de 2017, a qual teve in\u00edcio \u00e0s 18h. Na oportunidade foi realizada homenagem pela passagem dos 20 anos do Grupo Fa\u00e9 (proponente: vereador Vilson Menegazzo), pela passagem dos 30 anos da Associa\u00e7\u00e3o Comercial Industrial Servi\u00e7os e Agropecu\u00e1ria de Constantina - ACISAC (proponente: vereador Vilson Menegazzo), e pela passagem dos 50 anos das Lojas Quero-Quero no Estado (proponente: vereador L\u00edrio Rigon).</p>\r\n<p><img src=\"https://www.constantina.rs.leg.br/institucional_com_erro/noticias/IMG_3233.JPG\" alt=\"\" class=\"image-inline\" title=\"\" /></p>\r\n<p>A mesa de autoridades foi formada pelos Vereadores Nildo Zanella, Ari Giacomini, Cleusa Rabaioli Girotto, Jo\u00e3o Alberto Mafessoni, L\u00edrio Rigon, Neocadio Di Domenico, Sonia Camara Lima, e Vilson Menegazzo, o Prefeito municipal de Constantina Gerri Sawaris, o diretor do Grupo Fa\u00e9 - Cleomar Fa\u00e9, o vice-presidente da ACISAC - Fabricio Giacomini,\u00a0o gerente da Loja Quero-Quero de Constantina - Luciano Sequinatto.</p>\r\n<p><img src=\"https://www.constantina.rs.leg.br/institucional_com_erro/noticias/IMG_3268.JPG\" alt=\"\" class=\"image-inline\" title=\"\" /></p>\r\n<p>Prestigiaram a sess\u00e3o de homenagens o vice-prefeito Adroaldo Ara\u00fajo, secret\u00e1rios municipais, suplentes da Casa Legislativa, funcion\u00e1rios e colaboradores do Grupo Fa\u00e9, funcion\u00e1rios da Loja Quero-Quero de Constantina, membros da diretoria da ACISAC e ex-presidentes desta associa\u00e7\u00e3o, e comunidade em geral.</p>\r\n<p><img src=\"https://www.constantina.rs.leg.br/institucional_com_erro/noticias/IMG_3336.JPG\" alt=\"\" class=\"image-inline\" title=\"\" /></p>\r\n<p>Todos que usaram da palavra destacaram o trabalho e a colabora\u00e7\u00e3o de cada um dos homenageados no desenvolvimento de Constantina e regi\u00e3o.</p>\r\n<p>\u00a0</p>\r\n<p align=\"center\">GRUPO FA\u00c9</p>\r\n<p>\u00a0</p>\r\n<p>Cleomar Fa\u00e9, cirurgi\u00e3o-dentista, iniciou suas atividades profissionais no ano de 1997, como pessoa f\u00edsica, no munic\u00edpio de Constantina. Inicialmente, ele trabalhava atendendo como clinico geral. Conforme o tempo ia passando, a clientela aumentava e surgiam novas demandas para atendimento.</p>\r\n<p>\u00a0</p>\r\n<p>Doutor Cleomar, sempre incans\u00e1vel e disposto a investir em novos saberes e cursos, a fim de oferecer um trabalho mais eficiente e qualificado aos seus clientes, buscou aprimorar o atendimento por especialidades.</p>\r\n<p><img src=\"https://www.constantina.rs.leg.br/institucional_com_erro/noticias/IMG_3242.JPG\" alt=\"\" class=\"image-inline\" title=\"\" /></p>\r\n<p>Foi assim que o Doutor Cleomar e a doutora Juliana formaram o Grupo Fa\u00e9, passando a ser reconhecidos como empresa. Em 2000, expandiram suas atividades para a cidade de Liberato Salzano, iniciando um sistema de parceria com outros profissionais qualificados da \u00e1rea da odontologia, cada um atendendo em sua \u00e1rea de especialidade.</p>\r\n<p>\u00a0</p>\r\n<p>A terceira unidade foi instalada na cidade de Cerro Grande, no ano de 2008, atuando com todas as especialidades odontol\u00f3gicas.</p>\r\n<p>\u00a0</p>\r\n<p>No ano de 2010, o Grupo Fa\u00e9 se estabeleceu na cidade de Rodeio Bonito, com sua quarta unidade, atuando no segmento das especialidades odontol\u00f3gicas. Essa unidade foi comercializada, no ano de 2014, para Daiane Acadrolli.</p>\r\n<p>\u00a0</p>\r\n<p>Em 2011, foi inaugurada a quinta unidade do Grupo Fa\u00e9. Esta, na cidade de Novo Tiradentes, com sede pr\u00f3pria, expandindo para aquela regi\u00e3o as atividades dos segmentos odontol\u00f3gicos.</p>\r\n<p>\u00a0</p>\r\n<p>Buscando atender \u00e0s necessidades dos nossos clientes, outras \u00e1reas da sa\u00fade foram se somando, e o Grupo passou a contar com os servi\u00e7os de fisioterapia, nutri\u00e7\u00e3o, psicologia, fonoaudiologia, quiropraxia e est\u00e9tica, nas unidades de Constantina e Liberato Salzano.</p>\r\n<p><img src=\"https://www.constantina.rs.leg.br/institucional_com_erro/noticias/IMG_3381.JPG\" alt=\"\" class=\"image-inline\" title=\"\" /></p>\r\n<p>Hoje, Cleomar Fa\u00e9 e sua esposa Juliana, contam com uma empresa s\u00f3lida, denominada Grupo Fa\u00e9, que integra 16 profissionais especializados nas mais diversas \u00e1reas da sa\u00fade, atendendo o cliente de forma interdisciplinar, visando o Gestalt do ser humano. Tamb\u00e9m possui 11 colaboradoras para atender a demanda regional.</p>\r\n<p>\u00a0</p>\r\n<p>No Grupo Fa\u00e9, o Dr. Cleomar Fa\u00e9 \u00e9 o respons\u00e1vel pela \u00e1rea de estrat\u00e9gia corporativa, e a Dra. Juliana Fa\u00e9 responde pela administra\u00e7\u00e3o. A Equipe conta com um Consultor Financeiro e uma assessora em Recursos Humanos. Uma empresa presta assessoria em Marketing.</p>\r\n<p>\u00a0</p>\r\n<p>Em fun\u00e7\u00e3o da constante busca de aperfei\u00e7oamento, o Grupo Fa\u00e9, ao longo de sua hist\u00f3ria, j\u00e1 ganhou diversos pr\u00eamios pela sua forma de atua\u00e7\u00e3o no mercado, pela sua aten\u00e7\u00e3o \u00e0s atividades de cunho social, bem como pelo cuidado e dissemina\u00e7\u00e3o da informa\u00e7\u00e3o de preserva\u00e7\u00e3o e sustentabilidade do meio ambiente.</p>\r\n<p>\u00a0</p>\r\n<p>\u00a0</p>\r\n<p align=\"center\">QUERO-QUERO</p>\r\n<p>\u00a0</p>\r\n<p>A Quero-Quero foi fundada em 15 de agosto de 1967, na cidade de Santo Cristo, na regi\u00e3o Noroeste do Estado. Na d\u00e9cada de 70, para atender a demanda de m\u00e1quinas e equipamentos agr\u00edcolas, montou-se uma equipe de vendas externas e instalamos pontos de vendas nas cidades da regi\u00e3o, que mais tarde transformaram-se em lojas.</p>\r\n<p><img src=\"https://www.constantina.rs.leg.br/institucional_com_erro/noticias/IMG_3302.JPG\" alt=\"\" class=\"image-inline\" title=\"\" /></p>\r\n<p>Em 1993 a Quero-Quero inova e lan\u00e7a a sua pr\u00f3pria Administradora de Cons\u00f3rcios. O Cons\u00f3rcio Quero-Quero atua em diversos segmentos de grupos de cons\u00f3rcio, tendo entregue mais de 60.000 produtos desde o in\u00edcio de suas atividades.</p>\r\n<p>\u00a0</p>\r\n<p>Em 2008 a evolu\u00e7\u00e3o da empresa chamou a aten\u00e7\u00e3o de um grupo investidor a \u201cAdvent\u201d, maior fundo de\u00a0<i>private equity</i>\u00a0da Am\u00e9rica Latina, propriet\u00e1rio de marcas reconhecidas em territ\u00f3rio Nacional e internacional. A partir desta fase da hist\u00f3ria da empresa, houve um grande trabalho principalmente na gest\u00e3o de pessoas, desenvolvimento de lideran\u00e7as e um alto\u00a0\u00a0 investimento em tecnologia para aperfei\u00e7oar os servi\u00e7os prestados. \u00a0</p>\r\n<p><img src=\"https://www.constantina.rs.leg.br/institucional_com_erro/noticias/IMG_3384.JPG\" alt=\"\" class=\"image-inline\" title=\"\" /></p>\r\n<p>Dia 6 de Abril de 2009 acontece a mudan\u00e7a da Sede Administrativa de Santo Cristo para Cachoeirinha. Atualmente a Quero-Quero tornou-se um dos mais s\u00f3lidos e preparados grupos de varejo do Rio Grande do Sul empregando mais de 4.500 funcion\u00e1rios, entre as mais de 252 lojas da Rede Quero-Quero, sendo que ainda neste ano a expectativa \u00e9 que a rede alcance a marca de 290 lojas nos Estados do Rio Grande Do Sul, Santa Catarina e Paran\u00e1.</p>\r\n<p>\u00a0</p>\r\n<p align=\"center\">ACISAC</p>\r\n<p>\u00a0</p>\r\n<p>Associa\u00e7\u00e3o Comercial Industrial Servi\u00e7os e Agropecu\u00e1ria de Constantina foi fundada em 22/08/1987, com objetivo de contribuir para o desenvolvimento e a qualifica\u00e7\u00e3o profissional das empresas de Constantina. Ao longo desses 30 anos a ACISAC trabalha na articula\u00e7\u00e3o e mobiliza\u00e7\u00e3o de projetos e a\u00e7\u00f5es, para estimular e proporcionar o fortalecimento das empresas associadas.</p>\r\n<p><b><img src=\"https://www.constantina.rs.leg.br/institucional_com_erro/noticias/IMG_3247.JPG\" alt=\"\" class=\"image-inline\" title=\"\" /></b></p>\r\n<p>A ACISAC oferece aos seus associados:</p>\r\n<p>\u00a0</p>\r\n<ul>\r\n<li>Palestras e Cursos operacionais, estrat\u00e9gicos e t\u00e9cnicos, em parceria com o SEBRAE, SESC E SENAC.</li>\r\n</ul>\r\n<p>\u00a0</p>\r\n<ul>\r\n<li>Parcerias com Federasul/Banco Brasil - Acesso a linhas de cr\u00e9dito como o PROGER URBANO (coopefat), linha de investimento para aquisi\u00e7\u00e3o de bens, equipamentos, ve\u00edculos utilit\u00e1rios e reforma de empresas. Capital de Giro Associado. Tudo isso com menores taxas de juro e maiores prazos para o pagamento.</li>\r\n</ul>\r\n<p>\u00a0</p>\r\n<ul>\r\n<li>Disponibiliza atrav\u00e9s do banco de dados dos sistemas SPC e SERASA, consulta de credito de pessoa f\u00edsica e jur\u00eddica, e negativa\u00e7\u00e3o de inadimplentes. Implanta\u00e7\u00e3o destes sistemas junto a empresa s\u00f3cia.</li>\r\n</ul>\r\n<p>\u00a0</p>\r\n<ul>\r\n<li>Campanha anual, onde as empresas associadas proporcionam aos seus clientes descontos e um grande n\u00famero de pr\u00eamios.</li>\r\n</ul>\r\n<p>\u00a0</p>\r\n<ul>\r\n<li>Participa\u00e7\u00f5es em comiss\u00f5es, conselhos, e comit\u00eas de abrang\u00eancia Municipal, Regional e Estadual. Por meio de seus representantes, a ACISAC encaminha as demandas e necessidades de seus associados, atuando tamb\u00e9m na busca de informa\u00e7\u00f5es e oportunidades nas diversas \u00e1reas.</li>\r\n</ul>\r\n<p>\u00a0<img src=\"https://www.constantina.rs.leg.br/institucional_com_erro/noticias/IMG_3379.JPG\" alt=\"\" class=\"image-inline\" title=\"\" /></p>\r\n<p><b>Foram presidentes nestes 30 anos:</b></p>\r\n<ul>\r\n<li><b>Osmar Santini</b></li>\r\n<li><b>Edemar Luiz Mafessoni </b></li>\r\n<li><b>Paulo Roberto Mafessoni </b></li>\r\n<li><b>Nelci Francisco Rosa </b></li>\r\n<li><b>Jarbas Frizon </b></li>\r\n<li><b>Oscar Bonfanti</b></li>\r\n<li><b>Laurindo Guaresi</b></li>\r\n<li><b>Orlando Giacomini </b></li>\r\n<li><b>Fidelvino Menegazzo </b></li>\r\n<li><b>Marcio Fiorentin </b></li>\r\n<li><b>Jorge Selzler </b></li>\r\n<li><b>Elizaura de Almeida Colet</b></li>\r\n</ul>\r\n<div><b><br /></b></div>\r\n<div><b><img src=\"https://www.constantina.rs.leg.br/institucional_com_erro/noticias/IMG_3347.JPG\" alt=\"\" class=\"image-inline\" title=\"\" /></b></div>\r\n<div><b><br /></b></div>\r\n<p>FORAM APROVADOS OS SEGUINTES PROJETOS:</p>\r\n<p>\u00a0</p>\r\n<p><b>PROJETO DE LEI N\u00b0 067/2017- </b>ALTERA A LEI MUNICIPAL N\u00ba 2.924/2011 E D\u00c1 OUTRAS PROVID\u00caNCIAS.</p>\r\n<p>\u00a0</p>\r\n<p><b>PROJETO DE LEI DO LEGISLATIVO N\u00ba 05/2017 - </b>CRIA UMA FUN\u00c7\u00c3O GRATIFICADA NA LEI 2.940/2011, PARA O EXERC\u00cdCIO DO CARGO DE CONTADOR NO PODER LEGISLATIVO, E ALTERA O PAR\u00c1GRAFO \u00daNICO DA LEI 2.825/2010.</p>\r\n<p>\u00a0</p>\r\n<p>\u00a0</p>\r\n<p>\u00a0</p>", "author_name": "", "version": "1.0", "author_url": "https://www.constantina.rs.leg.br/author/patrick", "provider_name": "C\u00e2mara Municipal", "type": "rich"}