{"provider_url": "https://www.constantina.rs.leg.br", "title": "Legislativo realiza 4\u00ba Sess\u00e3o de 2017", "html": "<p><span>Na noite do dia 27 de Mar\u00e7o foi realizada a 4\u00ba sess\u00e3o ordin\u00e1ria de 2017, a qual teve inicio \u00e0s 18h30min.</span></p>\r\n<p>\u00a0</p>\r\n<p>Foram aprovadas as seguintes indica\u00e7\u00f5es:</p>\r\n<ul>\r\n<li><b>PEDIDO DE INDICA\u00c7\u00c3O N\u00ba 20/2017 -\u00a0</b>Que o Poder Executivo, atrav\u00e9s da Secretaria da Sa\u00fade: a) implemente nas unidades b\u00e1sicas de sa\u00fade a pol\u00edtica nacional de pr\u00e1ticas integrativas complementares. Proponente: Vereadora Cleusa Tomazelli;</li>\r\n</ul>\r\n<p>\u00a0</p>\r\n<ul>\r\n<li><b>PEDIDO DE INDICA\u00c7\u00c3O N\u00ba 21/2017 -\u00a0</b>Que o Poder Executivo de Constantina, atrav\u00e9s do \u00f3rg\u00e3o competente, providencie e promova: \u201cUrgentemente a recupera\u00e7\u00e3o com canaliza\u00e7\u00e3o \u201ctubula\u00e7\u00e3o\u201d para escoamento de \u00e1gua e cal\u00e7amento do trecho da Rua Ant\u00f4nio Eugenio Dos Santos, diante a Metal\u00fargica Meneguetti no Bairro Santa L\u00facia\u201d. Proponente: Vereador Neocadio Di Domenico;</li>\r\n</ul>\r\n<p>\u00a0\u00a0</p>\r\n<ul>\r\n<li><b>PEDIDO DE INDICA\u00c7\u00c3O N\u00ba 22/2017 -\u00a0</b>Que o Poder Executivo promova um reajuste no valor tradicionalmente repassado, a t\u00edtulo de aux\u00edlio, \u00e0 Associa\u00e7\u00e3o Universit\u00e1ria e Cultural de Constantina - AUCC. Proponente: Vereador Ari Giacomini;</li>\r\n</ul>\r\n<p>\u00a0</p>\r\n<ul>\r\n<li><b>PEDIDO DE INDICA\u00c7\u00c3O N\u00ba 23/2017 \u2013\u00a0</b>Que o Poder Executivo gestione junto ao DAER/Governo do Estado do RS, a municipaliza\u00e7\u00e3o do trecho da RS 143, ao munic\u00edpio de Constantina, a fim de poder regularizar a situa\u00e7\u00e3o j\u00e1 consolidada, de constru\u00e7\u00f5es localizadas na faixa de dom\u00ednio da referida rodovia. Proponente: Vereador Ari Giacomini;</li>\r\n</ul>\r\n<p>\u00a0</p>\r\n<ul>\r\n<li><b>PEDIDO DE INDICA\u00c7\u00c3O N\u00ba 24/2017 -\u00a0</b>Que o Poder Executivo providencie: 1. Uma an\u00e1lise da possibilidade de realizar uma parceria entre os propriet\u00e1rios dos im\u00f3veis e o munic\u00edpio para fazer um cal\u00e7ad\u00e3o na Rua Maria Ferronato, no lado direito, no sentido bairro centro, nos moldes da Lei 3.455/2015, bem como padronizar a cal\u00e7ada do lado esquerdo no sentido bairro centro. Proponente: Vereador Nildo Zanella;</li>\r\n</ul>\r\n<p>\u00a0</p>\r\n<ul>\r\n<li><b>PEDIDO DE INDICA\u00c7\u00c3O N\u00b0 25/2017 -</b>\u00a0Que o Poder Executivo providencie: A- Atrav\u00e9s de cons\u00f3rcio com os demais munic\u00edpios da regi\u00e3o, a aquisi\u00e7\u00e3o de uma usina de asfalto; B- Crie um incentivo para doadores de sangue, na forma de isen\u00e7\u00f5es de taxas ou tributos municipais; C- Abertura de uma rua entre o F\u00f3rum e a f\u00e1brica de cal\u00e7ados, pessoas do Bairro Florestal e Sartori atravessam os terrenos baldios para ir ao trabalho. Proponente: Vereador Ivalino Da Silva;</li>\r\n</ul>\r\n<p><b>\u00a0</b></p>\r\n<p>\u00a0<img src=\"https://www.constantina.rs.leg.br/institucional_com_erro/noticias/IMG_1503.JPG\" alt=\"\" class=\"image-inline\" title=\"\" /></p>\r\n<p>\u00a0</p>\r\n<p>Foram aprovados os seguintes projetos:</p>\r\n<ul>\r\n<li><b>PROJETO DE LEI N\u00ba. 12/2017 -</b>\u00a0Institui o aux\u00edlio sa\u00fade pago pelo Munic\u00edpio de Constantina e d\u00e1 outras provid\u00eancias;</li>\r\n</ul>\r\n<p>\u00a0</p>\r\n<ul>\r\n<li><b>PROJETO DE LEI N\u00ba. 16/2017 -\u00a0</b>Institui o regime de adiantamento de numer\u00e1rio e d\u00e1 outras provid\u00eancias;</li>\r\n</ul>\r\n<p>\u00a0</p>\r\n<ul>\r\n<li><b>PROJETO DE LEI N\u00ba. 18/2017 -\u00a0</b>Institui o programa frente emergencial de trabalho denominado a\u00e7\u00e3o comunit\u00e1ria e d\u00e1 outras provid\u00eancias.\u00a0<span>(Aprovado com a emenda n\u00ba 01/2017);</span></li>\r\n</ul>\r\n<p>\u00a0</p>\r\n<ul>\r\n<li><b>PROJETO DE LEI N\u00ba. 19/2017 -\u00a0</b>Autoriza o Poder Executivo Municipal a conceder subven\u00e7\u00e3o social \u00e0 Associa\u00e7\u00e3o de Comunica\u00e7\u00e3o Comunit\u00e1ria Educativa e Cultural Constantina - R\u00e1dio FM e d\u00e1 outras provid\u00eancias.</li>\r\n</ul>\r\n<div></div>\r\n<div><img src=\"https://www.constantina.rs.leg.br/institucional_com_erro/noticias/IMG_1632.JPG\" alt=\"\" class=\"image-inline\" title=\"\" /></div>\r\n<p>\u00a0</p>", "author_name": "", "version": "1.0", "author_url": "https://www.constantina.rs.leg.br/author/patrick", "provider_name": "C\u00e2mara Municipal", "type": "rich"}