{"provider_url": "https://www.constantina.rs.leg.br", "title": "Novos Cursos Federais para a regi\u00e3o", "html": "\r\n<p align=\"center\" style=\"text-align: left;\"><span style=\"text-align: justify;\">Ocorreu\r\nna ter\u00e7a feira, dia 16 de junho, nas depend\u00eancias do Instituto Federal\r\nFarroupilha \u2013 c\u00e2mpus Frederico Westphalen, uma reuni\u00e3o para tratar sobre o\r\nPlano de Desenvolvimento da Unidade-PDU do c\u00e2mpus do IF FW. Essa atividade\r\nocorreu com a participa\u00e7\u00e3o da Reitora do Instituto Federal, diretor do c\u00e2mpus\r\nde Frederico Westphalen, autoridades regionais e representantes dos movimentos\r\npopulares. Nessa atividade, foram apresentados os passos que est\u00e3o sendo dados\r\npara a implanta\u00e7\u00e3o do Instituto Federal na regi\u00e3o, bem como as possibilidades\r\nde cursos que ser\u00e3o ofertados no per\u00edodo 2015- 2018. Atendendo ao cat\u00e1logo de\r\ncursos do Minist\u00e9rio da Educa\u00e7\u00e3o, em 2015 ser\u00e3o priorizados os cursos dos eixos\r\ntem\u00e1ticos de Recursos Naturais e In forma\u00e7\u00e3o e Comunica\u00e7\u00e3o, para 2016 de Gest\u00e3o\r\nde Neg\u00f3cios e para 2018 de Controle e Processos. Abaixo alguns dos cursos\r\nofertados.</span></p>\r\n<p style=\"text-align: justify;\"><strong>N\u00edvel M\u00e9dio</strong>- j\u00e1\r\nest\u00e3o sendo ofertados os cursos Integrados de Agropecu\u00e1ria e Inform\u00e1tica, al\u00e9m\r\ndo curso de Agropecu\u00e1ria subsequente, isto \u00e9 para aqueles alunos que j\u00e1\r\nacabaram o ensino m\u00e9dio. Est\u00e1 previsto para 2018 a cria\u00e7\u00e3o do curso de n\u00edvel\r\nm\u00e9dio subsequente em Mec\u00e2nica e Eletrot\u00e9cnica.</p>\r\n<p style=\"text-align: justify;\"><strong>N\u00edvel superior</strong>-\r\nser\u00e3o ofertados basicamente cursos de forma\u00e7\u00e3o de professores, F\u00edsica e\r\nMatem\u00e1tica poder\u00e3o estar entre os ofertados. Um pedido da comunidade regional\r\nque poder\u00e1 ser atendido a partir de 2017 \u00e9 a oferta do curso de Medicina\r\nVeterin\u00e1ria que tem como objetivo atender a necessidade das agroind\u00fastrias e\r\nservi\u00e7os de inspe\u00e7\u00e3o municipal.</p>\r\n<p>&nbsp;</p>\r\n<p style=\"text-align: justify;\">O\r\nmunic\u00edpio de Constantina esteve representado pelo Ver. Gerri Sawaris que\r\ndefendeu a necessidade do Instituto ofertar cursos de extens\u00e3o como o de\r\nforma\u00e7\u00e3o continuada de professores, al\u00e9m daqueles j\u00e1 citados anteriormente. O\r\nGr\u00eamio Estudantil Casemiro de Abreu da Escola S\u00e3o Jos\u00e9 foi representado pelo\r\naluno Mathias Sachetti Moser. <a name=\"_GoBack\"></a>Representando o munic\u00edpio\r\nde Ronda Alta, estiveram presentes o Ver. Antonio Gadini e a Secret\u00e1ria de\r\nEduca\u00e7\u00e3o Elizete Raimondi.</p>\r\n<p style=\"text-align: justify;\"><img class=\"image-inline\" src=\"../../imagens/inoticias/foto%20reuniao%20frederico%20ver.%20Gerri.JPG/image_preview\" alt=\"Foto Reuni\u00e3o Novos Cursos Frederico\" /></p>\r\n", "author_name": "fernandamarcondes", "version": "1.0", "author_url": "https://www.constantina.rs.leg.br/author/fernandamarcondes", "provider_name": "C\u00e2mara Municipal", "type": "rich"}