{"provider_url": "https://www.constantina.rs.leg.br", "title": "Presidente comenta Pedido de Informa\u00e7\u00e3o", "html": "\r\n<p align=\"center\" style=\"text-align: left;\"><span style=\"text-align: justify;\">&nbsp;</span><span style=\"text-align: justify;\">Ao\r\nfazer uso da palavra o presidente da C\u00e2mara, vereador Gerri Sawaris (PT)\r\ncomentou que ir\u00e1 encaminhar ao Executivo um Pedido de Informa\u00e7\u00e3o referente aos\r\nmoldes do contrato do Poder P\u00fablico com a Corsan com rela\u00e7\u00e3o as trocas da\r\ncanaliza\u00e7\u00e3o da \u00e1gua no munic\u00edpio. \u201cQuero ter estas informa\u00e7\u00f5es para melhor\r\nesclarecer a comunidade com rela\u00e7\u00e3o as aberturas das valetas nas ruas que houve\r\na troca dos canos, quem tem a responsabilidade de consertar, o poder P\u00fablico? A\r\nEmpresa? Qual \u00e9 a obriga\u00e7\u00e3o da empresa neste sentido? Sugiro que nas ruas que\r\nforam retiradas as pedras do cal\u00e7amento mesmo que seja feito asfalto que as\r\nmesmas sejam recolocadas para a melhor fixa\u00e7\u00e3o do asfalto quando o mesmo for\r\nexecutado\u201d, enfatizou. Parabenizou todos os estudantes que participaram da\r\nSess\u00e3o Plen\u00e1ria do Estudante 2015, realizada na ter\u00e7a-feira (18/08/15) os\r\nprofessores e diretores das escolas pelo empenho e pelas importantes indica\u00e7\u00f5es\r\napresentadas junto a Casa Legislativa.</span></p>\r\n", "author_name": "fernandamarcondes", "version": "1.0", "author_url": "https://www.constantina.rs.leg.br/author/fernandamarcondes", "provider_name": "C\u00e2mara Municipal", "type": "rich"}