{"provider_url": "https://www.constantina.rs.leg.br", "title": "Presidente Faz Alguns Esclarecimentos", "html": "\r\n<p align=\"center\" style=\"text-align: left;\"><span style=\"text-align: justify;\">O\r\npresidente da C\u00e2mara, vereador Almir Villa (PP) antes do t\u00e9rmino da sess\u00e3o fez\r\num convite especial a todos os vereadores e comunidade para que participem no\r\npr\u00f3ximo dia (24/05/14) s\u00e1bado do tradicional jantar italiano na comunidade da\r\nLinha Guardinha e tamb\u00e9m para que prestigiem no domingo (25/05/14) a festa da\r\ncomunidade da Linha Bressan. Com rela\u00e7\u00e3o \u00e0s estradas o presidente explicou que\r\nesteve percorrendo todo o interior do munic\u00edpio nos \u00faltimos dias e percebeu que\r\ncom a vinda das m\u00e1quinas novas que j\u00e1 est\u00e3o trabalhando somadas com as demais\r\nj\u00e1 se percebe grandes melhorias nas estradas e em breve todas ser\u00e3o recuperadas\r\ndentro de um cronograma de trabalho. Na \u00e1rea da sa\u00fade, o presidente enfatizou\r\ndevido alguns coment\u00e1rios, que se orgulha muito, de ter sido secret\u00e1rio da\r\nsa\u00fade de </span>1997 a<span style=\"text-align: justify;\">\r\n2000 per\u00edodo em que foi constru\u00eddo o posto de Sa\u00fade Central, \u201cgra\u00e7as ao esfor\u00e7o\r\nda secretaria juntamente com a administra\u00e7\u00e3o hoje \u00e9 uma realidade no\r\nmunic\u00edpio\u201d, destacou. Finalizou dizendo que nesta semana foi pago a primeira parcela\r\nda constru\u00e7\u00e3o do novo plen\u00e1rio da C\u00e2mara de Vereadores que est\u00e1 sendo\r\nconstru\u00edda, com recursos pr\u00f3prios \u201cgra\u00e7as a uma economia que est\u00e1 sendo feito\r\npelo Legislativo podemos fazer estes investimentos que ser\u00e3o de extrema\r\nimport\u00e2ncia para a nossa comunidade\u201d concluiu.</span></p>\r\n", "author_name": "fernandamarcondes", "version": "1.0", "author_url": "https://www.constantina.rs.leg.br/author/fernandamarcondes", "provider_name": "C\u00e2mara Municipal", "type": "rich"}