{"provider_url": "https://www.constantina.rs.leg.br", "title": "Projetos s\u00e3o aprovados por Unanimidade", "html": "\r\n<p>Aconteceu na C\u00e2mara de Vereadores na tarde de ontem (09-01-14) a 1\u00aa Sess\u00e3o Ordin\u00e1ria de 2014 onde foram aprovados por unanimidade os Projetos de Lei:</p>\r\n<table>\r\n<tbody>\r\n<tr>\r\n<td><strong>PROJETO DE LEI N\u00ba 090/2013 \u2013&nbsp;</strong>\u201cDISP\u00d4E SOBRE O SISTEMA DE COLETA SELETIVA DE RES\u00cdDUOS S\u00d3LIDOS NO MUNIC\u00cdPIO DE CONSTANTINA \u2013 RS E D\u00c1 OUTRAS PROVID\u00caNCIAS\u201d.</td>\r\n</tr>\r\n<tr>\r\n<td><strong>PROJETO DE LEI N.\u00ba 01/2014 \u2013</strong>&nbsp;D\u00c1 NOVA REDA\u00c7\u00c3O AO \u00a7 1\u00ba DO ART. 4\u00ba DA LEI MUNICIPAL N\u00ba 2.763/10 E D\u00c1 OUTRAS PROVID\u00caNCIAS.<br />O presidente da C\u00e2mara vereador Almir Villa, conduziu os trabalhos desta primeira sess\u00e3o acompanhado do 1\u00ba Secret\u00e1rio M\u00e1rcio Sareto.<br /><img class=\"image-inline\" src=\"../../imagens/inoticias/Presidente%20Villa%20e%20Secretario%20Marcio.jpg/image_preview\" alt=\"Presidente Villa e Secret\u00e1rio M\u00e1rcio\" /><br />Na oportunidade, tamb\u00e9m foram eleitas as Comiss\u00f5es para trabalharem no ano de 2014 que ficou assim composta:<br />\r\n<p><strong>Comiss\u00e3o de&nbsp;Legisla\u00e7\u00e3o, justi\u00e7a, finan\u00e7as e or\u00e7amento:&nbsp;</strong></p>\r\n<p>Gerri Sawaris, Ari Dirceu Giacomini e&nbsp;Lindomar Duranti.</p>\r\n<p>&nbsp;.<img class=\"image-inline\" src=\"../../imagens/inoticias/comissoes%20de%20legislacao%2C%20justica%2C%20etc.jpg/image_preview\" alt=\"Comiss\u00f5es de Legisla\u00e7\u00e3o e justi\u00e7a 2014\" /></p>\r\n<p><strong>Comiss\u00e3o de</strong>&nbsp;<strong>Obras e servi\u00e7os p\u00fablicos, agricultura, educa\u00e7\u00e3o, sa\u00fade e assist\u00eancia ficou com a seguinte composi\u00e7\u00e3o: </strong>Marcio Sareto, Lirio Rigon e Edemar Muneron<strong>.</strong></p>\r\n<p><strong><img class=\"image-inline\" src=\"../../imagens/inoticias/Comissoes%20de%20obras%20e%20servicos%20publicos..etc..jpg/image_preview\" alt=\"Comiss\u00f5es de obras e servi\u00e7os p\u00fablicos 2014\" /><br /></strong></p>\r\n<p><strong>Ambas as Comiss\u00f5es se re\u00fanem todas as quintas-feiras e s\u00e3o acompanhadas pelo assessor jur\u00eddico Fabr\u00edcio Giacomini.</strong></p>\r\n</td>\r\n</tr>\r\n</tbody>\r\n</table>\r\n<p>&nbsp;</p>\r\n", "author_name": "fernandamarcondes", "version": "1.0", "author_url": "https://www.constantina.rs.leg.br/author/fernandamarcondes", "provider_name": "C\u00e2mara Municipal", "type": "rich"}