{"provider_url": "https://www.constantina.rs.leg.br", "title": "RECESSO LEGISLATIVO NESTE M\u00caS", "html": "<div dir=\"auto\">Muitas pessoas ainda t\u00eam d\u00favidas sobre recesso Legislativo!</div>\r\n<div dir=\"auto\">Por isso, explicamos o que acontece durante este per\u00edodo. Todos os anos no m\u00eas de fevereiro \u00e9 realizado o recesso, que tem in\u00edcio no dia 1\u00ba (primeiro) de fevereiro e segue at\u00e9 o dia 29 (vinte e nove) de fevereiro. Embora n\u00e3o haja as sess\u00f5es ordin\u00e1rias a C\u00e2mara continua funcionando.</div>\r\n<div dir=\"auto\"><img src=\"https://www.constantina.rs.leg.br/institucional_com_erro/noticias/IMG_7139.JPG/@@images/b93b4b9f-af31-4ecc-9c8c-a17906db8184.jpeg\" alt=\"\" class=\"image-inline\" title=\"\" /></div>", "author_name": "", "version": "1.0", "author_url": "https://www.constantina.rs.leg.br/author/patrick", "provider_name": "C\u00e2mara Municipal", "type": "rich"}