{"provider_url": "https://www.constantina.rs.leg.br", "title": "SEGUNDA \u00c9 DIA DE SESS\u00c3O!", "html": "<p>Na manh\u00e3 desta segunda-feira (04/11) foi realizada a reuni\u00e3o das comiss\u00f5es, na oportunidade os Vereadores estiveram avaliando e discutindo a respeito dos projetos enviados ao Legislativo, e que ser\u00e3o apreciados na Sess\u00e3o de hoje, com in\u00edcio \u00e0s 18h.</p>\r\n<p><img src=\"https://www.constantina.rs.leg.br/institucional_com_erro/noticias/copy12_of_02.jpg/@@images/7ce0a2c2-abab-42d8-9fa5-de0ce7d73aea.jpeg\" alt=\"\" class=\"image-inline\" title=\"\" /></p>\r\n<p>Antes do in\u00edcio da reuni\u00e3o os Vereadores estiveram reunidos com os representantes do CTG Taquaru\u00e7u, Alencar Luiz Osmarin e Artemides Bressan, para tratar da presta\u00e7\u00e3o de contas da Semana Farroupilha 2019.</p>\r\n<p><img src=\"https://www.constantina.rs.leg.br/institucional_com_erro/noticias/copy8_of_01.jpg/@@images/a20de6bb-7909-4ac1-b8d3-5fd8c22ff608.jpeg\" alt=\"\" class=\"image-inline\" title=\"\" /></p>\r\n<p>Logo ap\u00f3s os Vereadores receberam o Contador da Prefeitura Adenir Bitello para tratar a respeito do Projeto de Lei n\u00ba 068/2019 - Que disp\u00f5e sobre as Diretrizes Or\u00e7ament\u00e1rias para o Exerc\u00edcio Financeiro de 2020 e d\u00e1 outras provid\u00eancias.</p>\r\n<p><img src=\"https://www.constantina.rs.leg.br/institucional_com_erro/noticias/copy10_of_03.jpg/@@images/62eb904f-add6-4c72-b781-1730b1da081d.jpeg\" alt=\"\" class=\"image-inline\" title=\"\" /></p>", "author_name": "", "version": "1.0", "author_url": "https://www.constantina.rs.leg.br/author/patrick", "provider_name": "C\u00e2mara Municipal", "type": "rich"}