{"provider_url": "https://www.constantina.rs.leg.br", "title": "Sess\u00e3o Ordin\u00e1ria Hoje", "html": "\r\n<p>A 2\u00aa Sess\u00e3o Ordin\u00e1ria de 2014 acontece hoje a tarde (20/01/14) as 17h na C\u00e2mara Municipal de Vereadores com a seguinte ordem do dia:</p>\r\n<p><span id=\"docs-internal-guid-108da1ac-af5c-737a-546a-d96025b45127\"></span></p>\r\n<div dir=\"ltr\">\r\n<table><colgroup><col width=\"729\"></colgroup>\r\n<tbody>\r\n<tr>\r\n<td>\r\n<p style=\"text-align: justify;\" dir=\"ltr\">PROJETO DE LEI N.\u00ba 02/2014 \u2013 D\u00c1 NOVA REDA\u00c7\u00c3O A ALINEA d, DO INCISO II DO ARTIGO 4\u00ba DA LEI MUNICIPAL N\u00ba 2.052/04 E D\u00c1 OUTRAS PROVID\u00caNCIAS.</p>\r\n</td>\r\n</tr>\r\n<tr>\r\n<td>\r\n<p style=\"text-align: justify;\" dir=\"ltr\">PROJETO DE LEI N\u00ba. 03/2014 \u2013 AUTORIZA O EXECUTIVO MUNICIPAL A CONTRATAR TEMPORARIAMENTE, NO \u00c2MBITO DO PROGRAMA PRADEM, POR EXCEPCIONAL INTERESSE P\u00daBLICO E D\u00c1 OUTRAS PROVID\u00caNCIAS.</p>\r\n</td>\r\n</tr>\r\n<tr>\r\n<td>\r\n<p style=\"text-align: justify;\" dir=\"ltr\">PROJETO DE LEI N\u00ba. 04/2014 \u2013 AUTORIZA O EXECUTIVO MUNICIPAL A EFETUAR CONTRATA\u00c7\u00d5ES EMERGENCIAIS E TEMPOR\u00c1RIAS PARA SUPRIR NECESSIDADES DA SECRETARIA MUNICIPAL DE EDUCA\u00c7\u00c3O E CULTURA E D\u00c1 OUTRAS PROVID\u00caNCIAS.</p>\r\n</td>\r\n</tr>\r\n<tr>\r\n<td>\r\n<p style=\"text-align: justify;\" dir=\"ltr\">PROJETO DE LEI N\u00ba. 05/2014 \u2013 CONCEDE ABONO SALARIAL AOS AGENTES COMUNIT\u00c1RIOS DE SA\u00daDE, VINCULADOS \u00c0 EQUIPE ESTRAT\u00c9GICA DE SA\u00daDE DA FAM\u00cdLIA \u2013 ESF.</p>\r\n</td>\r\n</tr>\r\n<tr>\r\n<td>\r\n<p style=\"text-align: justify;\" dir=\"ltr\">PROJETO DE LEI N\u00ba. 06/2014 \u2013 AUTORIZA O EXECUTIVO MUNICIPAL A PROMOVER REVIS\u00c3O GERAL ANUAL E REAJUSTE SALARIAL DOS VENCIMENTOS DOS SERVIDORES P\u00daBLICOS MUNICIPAIS ATIVOS, INATIVOS E PENSIONISTAS E D\u00c1 OUTRAS PROVID\u00caNCIAS.</p>\r\n</td>\r\n</tr>\r\n<tr>\r\n<td>\r\n<p style=\"text-align: justify;\" dir=\"ltr\">PROJETO DE LEI N\u00ba. 07/2014 \u2013 ALTERA O ART. 2\u00ba DA LEI MUNICIPAL N\u00ba. 2.943, DE 08 DE JULHO DE 2011 E ALTERA O ART. 32 DA LEI MUNICIPAL N\u00ba. 2.028, DE 02 DE ABRIL DE 2004 E D\u00c1 OUTRAS PROVID\u00caNCIAS.</p>\r\n</td>\r\n</tr>\r\n<tr>\r\n<td>\r\n<p style=\"text-align: justify;\" dir=\"ltr\">PROJETO DE LEI N\u00ba. 08/2014 \u2013 AUTORIZA O PODER EXECUTIVO MUNICIPAL A EFETUAR CONTRATA\u00c7\u00d5ES TEMPOR\u00c1RIAS POR EXCEPCIONAL INTERESSE P\u00daBLICO PARA SUPRIR NECESSIDADES DA SECRETARIA MUNICIPAL DE ASSIST\u00caNCIA SOCIAL E D\u00c1 OUTRAS PROVID\u00caNCIAS.</p>\r\n</td>\r\n</tr>\r\n<tr>\r\n<td>\r\n<p style=\"text-align: justify;\" dir=\"ltr\">PROJETO DE LEI N\u00ba. 09/2014 - AUTORIZA O PODER EXECUTIVO MUNICIPAL A EFETUAR CONTRATA\u00c7\u00d5ES TEMPOR\u00c1RIAS POR EXCEPCIONAL INTERESSE P\u00daBLICO PARA SUPRIR NECESSIDADES DA SECRETARIA MUNICIPAL DE SA\u00daDE E MEIO AMBIENTE E D\u00c1 OUTRAS PROVID\u00caNCIAS.</p>\r\n</td>\r\n</tr>\r\n<tr>\r\n<td>\r\n<p style=\"text-align: justify;\" dir=\"ltr\">PROJETO DE LEI DO LEGISLATIVO N.\u00ba 01/2014 \u2013 AUTORIZA A MESA DIRETORA A CONTRATAR TEMPOR\u00c1RIA E EMERGENCIALMENTE AUXILIAR DE SERVI\u00c7OS GERAIS.</p>\r\n</td>\r\n</tr>\r\n<tr>\r\n<td>\r\n<p style=\"text-align: justify;\" dir=\"ltr\">PROJETO DE LEI DO LEGISLATIVO N.\u00ba 02/2014 \u2013 AUTORIZA O LEGISLATIVO A PROMOVER REPOSI\u00c7\u00c3OP E REAJUSTE SALARIAL AOS SERVIDORES DA C\u00c2MARA MUNICIPAL DE VEREADORES.</p>\r\n</td>\r\n</tr>\r\n<tr>\r\n<td>\r\n<p style=\"text-align: justify;\" dir=\"ltr\">PROJETO DE LEI DO LEGISLATIVO N.\u00ba 03/2014 \u2013 CONCEDE REPOSI\u00c7\u00c3O SALARIAL AOS SUBS\u00cdDIOS DO PREFEITO E VICE-PREFEIRO.</p>\r\n</td>\r\n</tr>\r\n<tr>\r\n<td>\r\n<p style=\"text-align: justify;\" dir=\"ltr\">PROJETO DE LEI DO LEGISLATIVO N.\u00ba 04/2014 \u2013 AUTORIZA O LEGISLATIVO A PROMOVER REPOSI\u00c7\u00c3O AOS SUBSIDIOS DOS VEREADORES.</p>\r\n</td>\r\n</tr>\r\n<tr>\r\n<td>\r\n<p style=\"text-align: justify;\" dir=\"ltr\">PROJETO DE LEI DO LEGISLATIVO N.\u00ba 05/2014 \u2013 CONCEDE REPOSI\u00c7\u00c3O AOS SUBS\u00cdDIOS DOS SECRETARIOS MUNICIPAIS.</p>\r\n</td>\r\n</tr>\r\n</tbody>\r\n</table>\r\n</div>\r\n<div dir=\"ltr\">Toda a comunidade est\u00e1 convidada a participar!!!</div>\r\n<div dir=\"ltr\">&nbsp;</div>\r\n", "author_name": "fernandamarcondes", "version": "1.0", "author_url": "https://www.constantina.rs.leg.br/author/fernandamarcondes", "provider_name": "C\u00e2mara Municipal", "type": "rich"}