{"provider_url": "https://www.constantina.rs.leg.br", "title": "Sess\u00e3o Ordin\u00e1ria Hoje", "html": "\r\n<p style=\"text-align: justify;\">O Poder Legislativo de\r\nConstantina convida a toda a comunidade para participar das sess\u00f5es ordin\u00e1rias\r\nda C\u00e2mara de Vereadores. Nesta quinta-feira (20-03) acontece a 4\u00ba sess\u00e3o\r\nordin\u00e1ria deste ano as 18h com a seguinte <strong>Ordem\r\ndo Dia:</strong></p>\r\n<p style=\"text-align: justify;\"><strong>PROJETO DE LEI N\u00ba. 15/2014 \u2013</strong> INSTITUI O SISTEMA DE VIGIL\u00c2NCIA EM SA\u00daDE, DISP\u00d5E SOBRE\r\nSUAS CONDI\u00c7\u00d5ES E NORMAS, CRIA CARGO DE PROVIMENTO EFETIVO, EXTINGUE CARGO DE\r\nPROVIMENTO EM COMISS\u00c3O, AUTORIZA CONTRATA\u00c7\u00c3O EMERGENCIAL E D\u00c1 OUTRAS\r\nPROVID\u00caNCIAS.</p>\r\n<p style=\"text-align: justify;\"><strong>PROJETO DE LEI N\u00ba. 23/2014 \u2013 </strong>DISP\u00d5E SOBRE A SUPLEMENTA\u00c7\u00c3O DE VERBAS NO VALOR R$\r\n40.000,00 AUTORIZA O PODER EXECUTIVO A EFETUAR REPASSE A AUCC \u2013 ASSOCIA\u00c7\u00c3O\r\nUNIVERSIT\u00c1RIA E CULTURAL DE CONSTANTINA.</p>\r\n<p style=\"text-align: justify;\"><strong>PROJETO DE LEI N\u00ba. 28/2014 \u2013</strong> AUTORIZA O PODER EXECUTIVO MUNICIPAL A SUPLEMENTAR\r\nELEMENTO DE DESPESA NO OR\u00c7AMENTO MUNICIPAL VIGENTE, APONTA RECURSOS E D\u00c1 OUTRAS\r\nPROVID\u00caNCIAS.</p>\r\n<p style=\"text-align: justify;\"><strong>PEDIDO DE INFORMA\u00c7\u00c3O N\u00ba. 01/2014 </strong>\u2013 (BANCADA PMDB/PT/PSB) - QUE O PODER\r\nEXECUTIVO ENVIE PARA A C\u00c2MARA NO PRAZO ESTABELECIDO OS SEGUINTES DOCUMENTOS E\r\nOU INFORMA\u00c7\u00d5ES: 1- <strong>INFORMA\u00c7\u00d5ES SOBRE A SECRETARIA DA ASSIST\u00caNCIA SOCIAL</strong>:\r\nRELA\u00c7\u00c3O NOMINAL DOS BENEFICIADOS PELO PIM \u2013 PRIMEIRA INFANCIA MELHOR DE JANEIRO\r\nDE 2013 A\r\nFEVEREIRO DE 2014. \u2013 RELA\u00c7\u00c3O NOMINAL DAS VISITADORAS DO PIM \u2013 DE JANEIRO DE\r\n2013 E FEVEREIRO DE 2014. \u2013 N\u00daMERO TOTAL DE FAM\u00cdLIAS ATENDIDAS NO PROGRAMA \u2013\r\nPIM.</p>\r\n<p style=\"text-align: justify;\">&nbsp;<strong>INDICA\u00c7\u00c3O N. 01/2014 </strong>\u2013 (BANCADA PMDB/PT/PSB) - QUE O EXECUTIVO PROVIDENCIE: 1- A\r\nPINTURA DE UMA SALA LIL\u00c1S, NA DELEGACIA DE POL\u00cdCIA, QUE SERVIR\u00c1 DE SALA DE\r\nESPERA PARA AS MULHERES VITIMAS DE VIOL\u00caNCIA; 2- DISPONIBILIZA\u00c7\u00c3O DE UM VEICULO\r\nQUE FIQUE A DISPOSI\u00c7\u00c3O DA DELEGACIA DE POL\u00cdCIA PARA ATENDIMENTO DAS OCORR\u00caNCIAS\r\nQUE ENVOLVAM VIOL\u00caNCIA CONTRA A MULHER\u201d.</p>\r\n<p style=\"text-align: justify;\">As\r\nsess\u00f5es acontecem sempre na 1\u00aa e na 3\u00aa quinta-feira de cada m\u00eas com in\u00edcio \u00e0s\r\n18h e toda a comunidade est\u00e1 convidada a participar.</p>\r\n<p style=\"text-align: justify;\">&nbsp;</p>\r\n<p style=\"text-align: justify;\">Entenda como funciona a sess\u00e3o\r\nordin\u00e1ria e suas divis\u00f5es:</p>\r\n<p style=\"text-align: justify;\"><strong>1\u00ba \u2013 Proposi\u00e7\u00f5es Apresentadas a Mesa</strong> &nbsp;\u00e9 a leitura de todos os Projetos que deram\r\nentrada junto a Casa Legislativa at\u00e9 aquele momento e que ainda n\u00e3o foram\r\napreciados e as correspond\u00eancias recebidas.</p>\r\n<p style=\"text-align: justify;\">&nbsp;</p>\r\n<p style=\"text-align: justify;\"><strong>2\u00ba - Pequeno Expediente:</strong> Nesse espa\u00e7o o vereador poder\u00e1 fazer\r\nbreves comunicados ou coment\u00e1rios sobre a mat\u00e9ria relacionada nas proposi\u00e7\u00f5es\r\napresentadas a mesa e proposi\u00e7\u00f5es verbais e pedidos de provid\u00eancias, votos de\r\nlouvor e de pesar. Tempo = no m\u00e1ximo 5 minutos.</p>\r\n<p style=\"text-align: justify;\"><strong>&nbsp;</strong></p>\r\n<p style=\"text-align: justify;\"><strong>3\u00ba - Grande Expediente:</strong> Neste\r\nespa\u00e7o o vereador poder\u00e1 comentar assuntos de interesse p\u00fablico em geral. Tempo: livre.</p>\r\n<p style=\"text-align: justify;\">&nbsp;</p>\r\n<p style=\"text-align: justify;\"><strong>4\u00ba - Ordem do Dia</strong>: Este \u00e9 o momento mais importante da sess\u00e3o. \u00c8\r\nneste espa\u00e7o que os vereadores discutem e analisam os Projetos, Indica\u00e7\u00f5es,\r\netc. aprovando ou n\u00e3o as mat\u00e9rias da Ordem do Dia.</p>\r\n<p style=\"text-align: justify;\">&nbsp;</p>\r\n<p style=\"text-align: justify;\"><strong>5\u00ba - Explica\u00e7\u00f5es Pessoais:</strong> Neste espa\u00e7o o vereador poder\u00e1 falar\r\nsobre v\u00e1rios assuntos livremente.</p>\r\n<p>&nbsp;</p>\r\n<p style=\"text-align: justify;\">Ap\u00f3s o pronunciamento de todos os\r\ninscritos para as explica\u00e7\u00f5es pessoais o presidente encerra a sess\u00e3o.</p>\r\n", "author_name": "fernandamarcondes", "version": "1.0", "author_url": "https://www.constantina.rs.leg.br/author/fernandamarcondes", "provider_name": "C\u00e2mara Municipal", "type": "rich"}