{"provider_url": "https://www.constantina.rs.leg.br", "title": "Sess\u00e3o Ordin\u00e1ria Hoje (27-06-2016)", "html": "<p>Acontece Hoje a tarde (27/06) a 10\u00aa Sess\u00e3o Ordin\u00e1ria na Linha Encruzilhada com in\u00edcio as 18h. Na oportunidade ser\u00e1 realizada homenagem a aluna da APAE de Constantina G\u00e9ssica S. Bergmann por ter sido destaque estadual no festival de artes. Segue abaixo o roteiro completo da Sess\u00e3o:</p>\r\n<p><i>ROTEIRO DOS TRABALHOS DOS VEREADORES</i></p>\r\n<p>\u00a0</p>\r\n<p><b><i>10\u00aa - SESS\u00c3O ORDIN\u00c1RIA</i></b></p>\r\n<p><b><i>04\u00aa - SESS\u00c3O LEGISLATIVA ORDIN\u00c1RIA</i></b></p>\r\n<p><b><i>13\u00aa - LEGISLATURA - DATA \u2013 27 DE JUNHO DE 2016 \u2013 18h \u2013 SEGUNDA-FEIRA</i></b></p>\r\n<p><b><i>LOCAL - SAL\u00c3O DA LINHA ENCRUZILHADA</i></b></p>\r\n<p>\u00a0</p>\r\n<p>VERIFICA\u00c7\u00c3O DE \u201cQUORUM REGIMENTAL\u201d</p>\r\n<p>\u00a0</p>\r\n<p>LEITURA DE UM TRECHO DA B\u00cdBLIA\u00a0\u00a0 <b>-\u00a0\u00a0\u00a0 Ver. MARCIO SARETO</b></p>\r\n<p><b>\u00a0</b></p>\r\n<p><b>EXPEDIENTE (ART. 139 R.I.)</b></p>\r\n<p><b>\u00a0</b></p>\r\n<p><b><span>PROPOSI\u00c7\u00d5ES APRESENTADAS \u00c0 MESA: </span></b></p>\r\n<p><b><span>\u00a0</span></b></p>\r\n<table>\r\n<tbody>\r\n<tr>\r\n<td>\r\n<p><b>OF. GAB. N\u00ba. 213/2016 \u2013 </b>ENVIA OS PROJETOS DE LEI N\u00ba. 34, 35 E 36/2016, PARA APRECIA\u00c7\u00c3O DO PODER LEGISLATIVO SOLICITANDO QUE OS PROJETOS DE LEI N\u00ba. 35 E 36/2016 SEJAM APRECIADOS EM REGME DE URGENCIA.<b></b></p>\r\n</td>\r\n</tr>\r\n<tr>\r\n<td>\r\n<p><b>OF. GAB. N\u00ba. 215/2016 \u2013</b> ENVIA O PROJETO DE LEI N\u00ba 37/2016 PARA APRECIA\u00c7\u00c3O DO PODER LEGISLATIVO.</p>\r\n</td>\r\n</tr>\r\n<tr>\r\n<td>\r\n<p><b>PROJETO DE LEI N\u00ba. 34/2016 \u2013 </b>AUTORIZA O PODER EXECUTIVO MUNICIPAL ABRIR CR\u00c9DITO ESPECIAL SUPLEMENTAR NO VALOR DE R$ 8.500,00, INCLUI DO PPA-2014/2017, NA LDO-2016, NA LOA-2016, APONTA RECURSOS E D\u00c1 OUTRAS PROVID\u00caNCIAS.</p>\r\n</td>\r\n</tr>\r\n<tr>\r\n<td>\r\n<p><b>PROJETO DE LEI N\u00ba. 35/2016 \u2013 </b>AUTORIZA O PODER EXECUTIVO MUNICIPAL ABRIR CR\u00c9DITO ADICIONAL ESPECIAL SUPLEMENTAR NO VALOR DE R$ 673.627,50, INCLUI DO PPA-2014/2017, NA LDO-2016, APONTA RECURSOS E D\u00c1 OUTRAS PROVID\u00caNCIAS.</p>\r\n</td>\r\n</tr>\r\n<tr>\r\n<td>\r\n<p><b>PROJETO DE LEI N\u00ba 36/2016 \u2013</b> AUTORIZA O PODER EXECUTIVO MUNICIPAL ABRIR CR\u00c9DITO ESPECIAL SUPLEMENTAR NO VALOR DE R$ 98.290,78, INCLUI DO PPA-2014/2017, NA LDO-2016, NA LOA-2016, APONTA RECURSOS E D\u00c1 OUTRAS PROVID\u00caNCIAS.</p>\r\n</td>\r\n</tr>\r\n<tr>\r\n<td>\r\n<p><b>PROJETO DE LEI N\u00ba. 37/2016 \u2013</b> AUTORIZA A CONCESS\u00c3O DE AUXILIO AO CONSELHO DE DEFESA E SEGURAN\u00c7A DA COMUNIDADE \u2013 CONDESC E D\u00c1 OUTRAS PROVID\u00caNCIAS.</p>\r\n</td>\r\n</tr>\r\n<tr>\r\n<td>\r\n<p><b>PROJETO DE LEI DO LEGISLATIVO N\u00ba. 07/2016 \u2013</b> DISP\u00d5E SOBRE ATOS LESIVOS \u00c0 LIMPEZA P\u00daBLICA E D\u00c1 OUTRAS PROVID\u00caNCIAS.</p>\r\n</td>\r\n</tr>\r\n<tr>\r\n<td>\r\n<p><b>PROJETO DE LEI DO LEGISLATIVO N\u00ba. 08/2016 \u2013</b> DISP\u00d5E SOBRE A OBRIGATORIEDADE DA REDE P\u00daBLICA MUNICIPAL DE ENSINO, PROMOVER A\u00c7\u00d5ES PREVENTIVAS E EDUCATIVAS SOBRE DROGAS PSICOATIVAS IL\u00cdCITAS E L\u00cdCITAS, INCLUINDO O USO DE \u00c1LCOOL, TABACO E AUTOMEDICA\u00c7\u00c3O E D\u00c1 OUTRAS PROVID\u00caNCIAS.</p>\r\n</td>\r\n</tr>\r\n<tr>\r\n<td>\r\n<p><b>PROJETO DE LEI DO LEGISLATIVO N\u00ba. 09/2016 \u2013</b> DISP\u00d5E SOBRE CAMPANHA EDUCATIVA NO COMBATE AO USO DE DROGAS, EM DIVERS\u00d5ES P\u00daBLICAS E D\u00c1 OUTRAS PROVID\u00caNCIAS.</p>\r\n</td>\r\n</tr>\r\n<tr>\r\n<td>\r\n<p><b>PROJETO DE LEI DO LEGISLATIVO N\u00ba. 10/2016 \u2013</b> DISP\u00d5E SOBRE A CAMPANHA EDUCATIVA NO COMBATE AO USO DE DROGAS NA REDE DE TRANSPORTE COLETIVO ESCOLAR DO MUNIC\u00cdPIO E D\u00c1 OUTRAS PROVID\u00caNCIAS.</p>\r\n</td>\r\n</tr>\r\n<tr>\r\n<td>\r\n<p><b>PROJETO DE RESOLU\u00c7\u00c3O N\u00ba. 01/2016 \u2013</b> HOMENAGEIA A JOVEM G\u00c9SSICA SCARPARO BERGMANN COM A MEDALHA PADRE GUILHERME STEFFEN.</p>\r\n</td>\r\n</tr>\r\n<tr>\r\n<td>\r\n<p><b>INDICA\u00c7\u00c3O N\u00ba. 07/2016 \u2013 </b>QUE O PODER EXECUTIVO, NO CENTRO DA CIDADE DE CONSTANTINA, PROVIDENCIE: \u201cA ORGANIZA\u00c7\u00c3O DOS ACESSOS DE CADEIRANTES AO PASSEIO P\u00daBLICO COM AS RESPECTIVAS FAIXAS DE SEGURAN\u00c7A\u201d.<b></b></p>\r\n</td>\r\n</tr>\r\n<tr>\r\n<td>\r\n<p><b>RELAT\u00d3RIO DE GEST\u00c3O EM SA\u00daDE REFERENTE AO 1\u00ba QUADRIMESTRE DE 2016.</b></p>\r\n</td>\r\n</tr>\r\n</tbody>\r\n</table>\r\n<p><b>\u00a0</b></p>\r\n<p><b>PEQUENO EXPEDIENTE (ART. 142 R.I.)</b></p>\r\n<p>Nesse espa\u00e7o o vereador poder\u00e1 fazer breves comunica\u00e7\u00f5es ou coment\u00e1rios sobre a mat\u00e9ria relacionada nas proposi\u00e7\u00f5es apresentadas \u00e0 mesa e proposi\u00e7\u00f5es verbais e pedidos de provid\u00eancias, votos de louvor e de pesar. Tempo = no m\u00e1ximo 5 minutos.</p>\r\n<h1>ORDEM DOS INSCRITOS \u2013\u00a0\u00a0\u00a0\u00a0\u00a0\u00a0\u00a0\u00a0\u00a0\u00a0\u00a0\u00a0\u00a0\u00a0\u00a0\u00a0\u00a0\u00a0\u00a0\u00a0\u00a0</h1>\r\n<table>\r\n<tbody>\r\n<tr>\r\n<td>\r\n<p>ALMIR VILLA</p>\r\n</td>\r\n</tr>\r\n<tr>\r\n<td>\r\n<p>LINDOMAR DURANTI</p>\r\n</td>\r\n</tr>\r\n<tr>\r\n<td>\r\n<p>LIRIO RIGON</p>\r\n</td>\r\n</tr>\r\n<tr>\r\n<td>\r\n<p>CLEUSA TOMAZELLI</p>\r\n</td>\r\n</tr>\r\n<tr>\r\n<td>\r\n<p>EDEMAR MUNERON</p>\r\n</td>\r\n</tr>\r\n<tr>\r\n<td>\r\n<p>GERRI SAWARIS</p>\r\n</td>\r\n</tr>\r\n<tr>\r\n<td>\r\n<p>ALU\u00cdSIO C. VALLE</p>\r\n</td>\r\n</tr>\r\n<tr>\r\n<td>\r\n<p>MARCIO SARETO</p>\r\n</td>\r\n</tr>\r\n</tbody>\r\n</table>\r\n<p align=\"left\">\u00a0</p>\r\n<p align=\"left\">GRANDE EXPEDIENTE (ART. 142 3\u00ba R.I.)</p>\r\n<p>Neste espa\u00e7o o vereador poder\u00e1 comentar assuntos de interesse p\u00fablico em geral.</p>\r\n<h1>ORDEM DOS INSCRITOS \u2013\u00a0\u00a0\u00a0\u00a0\u00a0\u00a0\u00a0\u00a0\u00a0</h1>\r\n<h1>\u00a0\u00a0\u00a0\u00a0\u00a0\u00a0\u00a0\u00a0\u00a0\u00a0\u00a0\u00a0\u00a0\u00a0\u00a0\u00a0</h1>\r\n<table>\r\n<tbody>\r\n<tr>\r\n<td>\r\n<p>ALMIR VILLA</p>\r\n</td>\r\n</tr>\r\n<tr>\r\n<td>\r\n<p>LINDOMAR DURANTI</p>\r\n</td>\r\n</tr>\r\n<tr>\r\n<td>\r\n<p>LIRIO RIGON</p>\r\n</td>\r\n</tr>\r\n<tr>\r\n<td>\r\n<p>CLEUSA TOMAZELLI</p>\r\n</td>\r\n</tr>\r\n<tr>\r\n<td>\r\n<p>EDEMAR MUNERON</p>\r\n</td>\r\n</tr>\r\n<tr>\r\n<td>\r\n<p>GERRI SAWARIS</p>\r\n</td>\r\n</tr>\r\n<tr>\r\n<td>\r\n<p>ALU\u00cdSIO C. VALLE</p>\r\n</td>\r\n</tr>\r\n<tr>\r\n<td>\r\n<p>MARCIO SARETO</p>\r\n</td>\r\n</tr>\r\n</tbody>\r\n</table>\r\n<h1>\u00a0</h1>\r\n<h1>INTERVALO REGIMENTAL (ART. 127) \u2013 PODE SER SUSPENSO</h1>\r\n<h2>\u00a0</h2>\r\n<h2>\u00a0ORDEM DO DIA</h2>\r\n<table>\r\n<tbody>\r\n<tr>\r\n<td>\r\n<p><b>PROJETO DE LEI N\u00ba. 35/2016 \u2013 </b>AUTORIZA O PODER EXECUTIVO MUNICIPAL ABRIR CR\u00c9DITO ADICIONAL ESPECIAL SUPLEMENTAR NO VALOR DE R$ 673.627,50, INCLUI DO PPA-2014/2017, NA LDO-2016, APONTA RECURSOS E D\u00c1 OUTRAS PROVID\u00caNCIAS.</p>\r\n</td>\r\n</tr>\r\n<tr>\r\n<td>\r\n<p><b>PROJETO DE LEI N\u00ba 36/2016 \u2013</b> AUTORIZA O PODER EXECUTIVO MUNICIPAL ABRIR CR\u00c9DITO ESPECIAL SUPLEMENTAR NO VALOR DE R$ 98.290,78, INCLUI DO PPA-2014/2017, NA LDO-2016, NA LOA-2016, APONTA RECURSOS E D\u00c1 OUTRAS PROVID\u00caNCIAS.</p>\r\n</td>\r\n</tr>\r\n<tr>\r\n<td>\r\n<p><b>PROJETO DE RESOLU\u00c7\u00c3O N\u00ba. 01/2016 \u2013</b> HOMENAGEIA A JOVEM G\u00c9SSICA SCARPARO BERGMANN COM A MEDALHA PADRE GUILHERME STEFFEN.</p>\r\n</td>\r\n</tr>\r\n<tr>\r\n<td>\r\n<p><b>INDICA\u00c7\u00c3O N\u00ba. 07/2016 \u2013 </b>QUE O PODER EXECUTIVO, NO CENTRO DA CIDADE DE CONSTANTINA, PROVIDENCIE: \u201cA ORGANIZA\u00c7\u00c3O DOS ACESSOS DE CADEIRANTES AO PASSEIO P\u00daBLICO COM AS RESPECTIVAS FAIXAS DE SEGURAN\u00c7A\u201d.<b></b></p>\r\n</td>\r\n</tr>\r\n<tr>\r\n<td>\r\n<p><b>ELEI\u00c7\u00c3O MESA DIRETORA 2\u00ba SEMESTRE 2016.</b></p>\r\n</td>\r\n</tr>\r\n</tbody>\r\n</table>\r\n<p>\u00a0</p>\r\n<p>EXPLICA\u00c7\u00d5ES PESSOAIS (ART. 147 R.I.)</p>\r\n<p>Neste espa\u00e7o o vereador poder\u00e1 falar sobre v\u00e1rios assuntos livremente</p>\r\n<p>\u00a0</p>\r\n<p><b>HOMENAGEM A JOVEM G\u00c9SSICA BERGMANN</b></p>\r\n<p>\u00a0</p>\r\n<table>\r\n<tbody>\r\n<tr>\r\n<td>\r\n<p>TEMPO A SER DELIMITADO CONFORME O ANDAMENTO DA SESS\u00c3O...</p>\r\n<p>ORDEM DOS INSCRITOS<b></b></p>\r\n</td>\r\n</tr>\r\n<tr>\r\n<td>\r\n<p>ALMIR VILLA</p>\r\n</td>\r\n</tr>\r\n<tr>\r\n<td>\r\n<p>LINDOMAR DURANTI</p>\r\n</td>\r\n</tr>\r\n<tr>\r\n<td>\r\n<p>LIRIO RIGON</p>\r\n</td>\r\n</tr>\r\n<tr>\r\n<td>\r\n<p>CLEUSA TOMAZELLI</p>\r\n</td>\r\n</tr>\r\n<tr>\r\n<td>\r\n<p>EDEMAR MUNERON</p>\r\n</td>\r\n</tr>\r\n<tr>\r\n<td>\r\n<p>GERRI SAWARIS</p>\r\n</td>\r\n</tr>\r\n<tr>\r\n<td>\r\n<p>ALU\u00cdSIO C. VALLE</p>\r\n</td>\r\n</tr>\r\n<tr>\r\n<td>\r\n<p>MARCIO SARETO</p>\r\n</td>\r\n</tr>\r\n</tbody>\r\n</table>\r\n<p align=\"center\"><b>\u00a0</b></p>\r\n<p align=\"center\"><b>ENCERRAMENTO DA SESS\u00c3O.</b></p>\r\n<p align=\"center\"><b>Acompanhe o \u00e1udio Completo:<iframe src=\"https://www.opendrive.com/player/NF8xMzcyNjc1MTVfakdFNWk\" width=\"297\" height=\"25\" frameborder=\"0\"></iframe></b></p>", "author_name": "femarcondes", "version": "1.0", "author_url": "https://www.constantina.rs.leg.br/author/femarcondes", "provider_name": "C\u00e2mara Municipal", "type": "rich"}