{"provider_url": "https://www.constantina.rs.leg.br", "title": "Sess\u00e3o Ordin\u00e1ria Hoje", "html": "\r\n<p>Acontece hoje a tarde (28-04-14) com in\u00edcio as 18h a 6\u00aa Sess\u00e3o ordin\u00e1ria na C\u00e2mara Municipal de Vereadores. Os Projetos que ser\u00e3o apreciados seguem&nbsp;a seguinte Ordem do Dia:</p>\r\n<p style=\"text-align: center;\" dir=\"ltr\"> ORDEM DO DIA</p>\r\n<p><span id=\"docs-internal-guid-0b812bcd-a872-c9bb-36ba-76db13d53d22\"></span></p>\r\n<div dir=\"ltr\">\r\n<table><colgroup><col width=\"692\"></colgroup>\r\n<tbody>\r\n<tr>\r\n<td>\r\n<p style=\"text-align: justify;\" dir=\"ltr\">PROJETO DE LEI N\u00ba. 29/2014 \u2013 AUTORIZA DOA\u00c7\u00c3O DE IM\u00d3VEIS AOS COOPERADOS DA COOPERATIVA HABITACIONAL NOSSA SENHORA DE F\u00c1TIMA.</p>\r\n</td>\r\n</tr>\r\n<tr>\r\n<td>\r\n<p style=\"text-align: justify;\" dir=\"ltr\">PROJETO DE LEI N\u00ba. 31/2014 - AUTORIZA O PODER EXECUTIVO MUNICIPAL A INCLUIR CONTAS OR\u00c7AMENT\u00c1RIAS DE RECEITAS (RUBRICAS) E ABRIR CR\u00c9DITO ADICIONAL ESPECIAL NA DESPESA (ELEMENTOS) NO OR\u00c7AMENTO MUNICIPAL VIGENTE NO VALOR DE R$ 3.533.420,67 E D\u00c1 OUTRAS PROVID\u00caNCIAS.</p>\r\n</td>\r\n</tr>\r\n<tr>\r\n<td>\r\n<p style=\"text-align: justify;\" dir=\"ltr\">PROJETO DE LEI N\u00ba. 39/2014 - AUTORIZA O MUNIC\u00cdPIO DE CONSTANTINA RECEBER \u00c1REAS DE TERRAS, LOCALIZADAS NO PERIMETRO URBANO DO MUNIC\u00cdPIO DE CONSTANTINA E D\u00c1 OUTRAS PROVID\u00caNCIAS.</p>\r\n</td>\r\n</tr>\r\n<tr>\r\n<td>\r\n<p style=\"text-align: justify;\" dir=\"ltr\">PROJETO DE LEI N\u00ba. 40/2014 \u2013 DISP\u00d5E SOBRE A RETIFICA\u00c7\u00c3O DO RECURSO DA ABERTURA DE CR\u00c9DITO ESPECIAL EFETUADO ATRAV\u00c9S DA LEI MUNICIPAL N\u00ba. 3.248, DE 28 DE JANEIRO DE 2014, NAS DOTA\u00c7\u00d5ES 527, 528 E 529 E D\u00c1 OUTRAS PROVID\u00caNCIAS.</p>\r\n</td>\r\n</tr>\r\n<tr>\r\n<td>\r\n<p style=\"text-align: justify;\" dir=\"ltr\">PROJETO DE LEI N\u00ba. 41/2014 \u2013 AUTORIZA O PODER EXECUTIVOMUNICIPAL A EFETUAR CONTRATA\u00c7\u00d5ES TEMPOR\u00c1RIAS E DE EXCEPCIONAL INTERESSE P\u00daBLICO, PARA SUPRIR AS NECESSIDADES DA SECRETARIA MUNICIPAL DE SA\u00daDE E MEIO AMBIENTE E D\u00c1 OUTRAS PROVID\u00caNCIAS.</p>\r\n</td>\r\n</tr>\r\n<tr>\r\n<td>\r\n<p style=\"text-align: justify;\" dir=\"ltr\">INDICA\u00c7\u00c3O N\u00ba. 02/2014 - QUE O PODER EXECUTIVO PROVIDENCIE: ITEM 1: - A REDU\u00c7\u00c3O DOS DOIS CANTEIROS EXISTENTES NA AVENIDA PRESIDENTE VARGAS, ENTRE O MERCADO MINUANO E A COOPAC, ENTRE O AUTO POSTO VALDIR E O HOTEL E CHURRASCARIA PIAZITO, E SE PROVIDENCIE ALI ESTACIONAMENTOS PARA AUTOM\u00d3VEIS. ITEM 2: - QUE SEJAM COLOCADAS FLOREIRAS NAS EXTREMIDADES E NO CENTRO DOS CANTEIROS EXISTENTES NA AVENIDA PRESIDENTE VARGAS, ENTRE O SUPERMERCADO DURANTE E A ANTIGA AUTO EL\u00c9TRICA BACCIN, ENTRE A MAWEBRE AUTO PE\u00c7AS AT\u00c9 A OFICINA DO SERGIO TURRA.</p>\r\n</td>\r\n</tr>\r\n<tr>\r\n<td>\r\n<p style=\"text-align: justify;\" dir=\"ltr\">INDICA\u00c7\u00c3O N\u00ba. 03/2014 \u2013 QUE O PODER EXECUTIVO PROVIDENCIE: ITEM 1: A COLOCA\u00c7\u00c3O DE MAIS PONTOS DE REDE DE \u00c1GUA JUNTO AO CEMIT\u00c9RIO MUNICIPAL DE CONSTANTINA; ITEM 2: QUE SEJAM COLOCADOS POSTES DE ILUMINA\u00c7\u00c3O DENTRO DO CEMIT\u00c9RIO MUNICIPAL.</p>\r\n</td>\r\n</tr>\r\n<tr>\r\n<td>\r\n<p style=\"text-align: justify;\" dir=\"ltr\">INDICA\u00c7\u00c3O N\u00ba. 04/2014 - QUE O PODER EXECUTIVO PROVIDENCIE: CONSTRU\u00c7\u00c3O DE RAMPAS DE ACESSO NAS PRINCIPAIS AVENIDAS E RUAS DE NOSSO MUNIC\u00cdPIO E QUE ESTAS SIGAM O MODELO DAS QUE FORAM CONSTRUIDAS NA RUA BENTO RODRIGUES DE ALMEIDA.</p>\r\n</td>\r\n</tr>\r\n<tr>\r\n<td>\r\n<p style=\"text-align: justify;\" dir=\"ltr\">INDICA\u00c7\u00c3O N\u00ba. 05/2014 - QUE O PODER EXECUTIVO PROVIDENCIE: CONSTRU\u00c7\u00c3O DE UM ABRIGO NO BAIRRO SANTA LUCIA PARA OS ALUNOS ESPERAR O TRANSPORTE ESCOLAR.</p>\r\n</td>\r\n</tr>\r\n<tr>\r\n<td>\r\n<p style=\"text-align: justify;\" dir=\"ltr\">OFICIO GAB. N\u00ba. 159/2014 RESPOSTA AO PEDIDO DE INFORMA\u00c7\u00c3O N\u00ba. 01/2014.</p>\r\n</td>\r\n</tr>\r\n</tbody>\r\n</table>\r\n</div>\r\n<p>&nbsp;</p>\r\n<p>Toda a comunidade est\u00e1 convidada a participar.</p>\r\n", "author_name": "fernandamarcondes", "version": "1.0", "author_url": "https://www.constantina.rs.leg.br/author/fernandamarcondes", "provider_name": "C\u00e2mara Municipal", "type": "rich"}