{"provider_url": "https://www.constantina.rs.leg.br", "title": "4\u00aa Sess\u00e3o Ordin\u00e1ria Hoje a tarde (21/03/16)", "html": "<p>Acontece hoje a tarde (21-03) a quarta sess\u00e3o ordin\u00e1ria com in\u00edcio as 18h. Na oportunidade os vereadores far\u00e3o votos de louvor a Escola Estadual de Ensino M\u00e9dio S\u00e3o Jos\u00e9 pelos 54 anos de atividades no munic\u00edpio e ao Banco do Brasil pelos 100 anos de instala\u00e7\u00e3o no Estado do Rio Grande do Sul e 34 no munic\u00edpio de Constantina. Toda a comunidade est\u00e1 convidada a participar! Confira o roteiro dos trabalhos da sess\u00e3o:</p>\r\n<p><i>ROTEIRO DOS TRABALHOS DOS VEREADORES</i></p>\r\n<p>\u00a0</p>\r\n<p><b><i>04\u00aa - SESS\u00c3O ORDIN\u00c1RIA</i></b></p>\r\n<p><b><i>04\u00aa - SESS\u00c3O LEGISLATIVA ORDIN\u00c1RIA</i></b></p>\r\n<p><b><i>13\u00aa - LEGISLATURA - DATA \u2013 21 DE MAR\u00c7O DE 2016 \u2013 18h \u2013 SEGUNDA-FEIRA</i></b></p>\r\n<p><b><i>LOCAL CENTRO CULTURAL JOS\u00c9 RUGERI</i></b></p>\r\n<p>\u00a0</p>\r\n<p>VERIFICA\u00c7\u00c3O DE \u201cQUORUM REGIMENTAL\u201d</p>\r\n<p>\u00a0</p>\r\n<p>LEITURA DE UM TRECHO DA B\u00cdBLIA\u00a0\u00a0 <b>-\u00a0\u00a0\u00a0 VER. GERRI SAWARIS</b></p>\r\n<p><b>\u00a0</b></p>\r\n<p><b>EXPEDIENTE (ART. 139 R.I.)</b></p>\r\n<p><b>\u00a0</b></p>\r\n<p><b><span>PROPOSI\u00c7\u00d5ES APRESENTADAS \u00c0 MESA: </span></b></p>\r\n<p><b><span>\u00a0</span></b></p>\r\n<table>\r\n<tbody>\r\n<tr>\r\n<td>\r\n<p><b>OF. GAB. N\u00ba. 112/2016 \u2013 </b>ENVIA OS PROJETOS DE LEI N\u00ba. 21, 22 E 23/2016, PARA APRECIA\u00c7\u00c3O DO PODER LEGISLATIVO, SOLICITANDO QUE O PROJETO DE LEI N\u00ba. 22/2016, SEJA APRECIADO EM REGIME DE URG\u00caNCIA.</p>\r\n</td>\r\n</tr>\r\n<tr>\r\n<td>\r\n<p><b>PROJETO DE LEI N\u00ba. 21/2016 \u2013 </b>DISP\u00d5E SOBRE O SISTEMA \u00daNICO DE ASSIST\u00caNCIA SOCIAL DO MUNIC\u00cdPIO DE CONSTANTINA E D\u00c1 OUTRAS PROVID\u00caNCIAS.</p>\r\n</td>\r\n</tr>\r\n<tr>\r\n<td>\r\n<p><b>PROJETO DE LEI N\u00ba. 22/2016 \u2013</b> AUTORIZA O PODER EXECUTIVO MUNICIPAL ABRIR CR\u00c9DITO ADICIONAL ESPECIAL NO VALOR DE R$ 234.000,00, APONTA RECURSOS E D\u00c1 OUTRAS PROVID\u00caNCIAS.</p>\r\n</td>\r\n</tr>\r\n<tr>\r\n<td>\r\n<p><b>PROJETO DE LEI N\u00ba. 23/2016 \u2013 </b>AUTORIZA O PODER EXECUTIVO A EFETUAR REPASSE A AUCC \u2013 ASSOCIA\u00c7\u00c3O UNIVERSIT\u00c1RIA E CULTURAL DE CONSTANTINA E D\u00c1 OUTRAS PROVID\u00caNCIAS.</p>\r\n</td>\r\n</tr>\r\n<tr>\r\n<td>\r\n<p><b>PROJETO DE LEI DO LEGISLATIVO N\u00ba. 06/2016 \u2013</b> ALTERA A LEI 1.790/2002 PARA PRORROGAR O PRAZO DO AUX\u00cdLIO PATERNIDADE.</p>\r\n</td>\r\n</tr>\r\n<tr>\r\n<td>\r\n<p><b>INDICA\u00c7\u00c3O N\u00ba. 04/2016 \u2013</b> QUE O PODER EXECUTIVO, ATRAV\u00c9S DA SECRETARIA DA FAZENDA: ALTERE O PRAZO DE VENCIMENTO DA COBRAN\u00c7A DA CONTRIBUI\u00c7\u00c3O DE MELHORIA REFERENTE AS OBRAS REALIZADAS NA RUA PADRE PEDRO, CONSTANDO A DATA DE VENCIMENTO DAS PARCELAS PARA DATA POSTERIOR AO T\u00c9RMINO DAS OBRAS.</p>\r\n</td>\r\n</tr>\r\n<tr>\r\n<td>\r\n<p><b>VOTOS DE LOUVOR N\u00ba 01/2016 \u2013 </b>AO BANCO DO BRASIL PELOS 100 ANOS DE INSTALA\u00c7\u00c3O NO RIO GRANDE DO SUL E 34 ANOS NO MUNIC\u00cdPIO DE CONSTANTINA, COLABORANDO COM O DESENVOLVIMENTO ECONOMICO E SOCIAL DO ESTADO, MUNIC\u00cdPIO E REGI\u00c3O.</p>\r\n</td>\r\n</tr>\r\n<tr>\r\n<td>\r\n<p><b>VOTOS DE LOUVOR N\u00ba 02/2016 \u2013 </b>A ESCOLA S\u00c3O JOS\u00c9 PELOS 54 ANOS DE ATIVIDADES NO MUNIC\u00cdPIO DE CONSTANTINA.</p>\r\n</td>\r\n</tr>\r\n</tbody>\r\n</table>\r\n<p><b>\u00a0</b></p>\r\n<p><b>PEQUENO EXPEDIENTE (ART. 142 R.I.)</b></p>\r\n<p>Nesse espa\u00e7o o vereador poder\u00e1 fazer breves comunica\u00e7\u00f5es ou coment\u00e1rios sobre a mat\u00e9ria relacionada nas proposi\u00e7\u00f5es apresentadas \u00e0 mesa e proposi\u00e7\u00f5es verbais e pedidos de provid\u00eancias, votos de louvor e de pesar. Tempo = no m\u00e1ximo 5 minutos.</p>\r\n<h1>\u00a0</h1>\r\n<h1>ORDEM DOS INSCRITOS \u2013\u00a0\u00a0\u00a0\u00a0\u00a0\u00a0\u00a0\u00a0\u00a0\u00a0\u00a0\u00a0\u00a0\u00a0\u00a0\u00a0\u00a0\u00a0\u00a0\u00a0\u00a0</h1>\r\n<table>\r\n<tbody>\r\n<tr>\r\n<td>\r\n<p>ALU\u00cdSIO C. VALLE</p>\r\n</td>\r\n</tr>\r\n<tr>\r\n<td>\r\n<p>MARCIO SARETO</p>\r\n</td>\r\n</tr>\r\n<tr>\r\n<td>\r\n<p>ALMIR VILLA</p>\r\n</td>\r\n</tr>\r\n<tr>\r\n<td>\r\n<p>LINDOMAR DURANTI</p>\r\n</td>\r\n</tr>\r\n<tr>\r\n<td>\r\n<p>LIRIO RIGON</p>\r\n</td>\r\n</tr>\r\n<tr>\r\n<td>\r\n<p>CLEUSA TOMAZELLI</p>\r\n</td>\r\n</tr>\r\n<tr>\r\n<td>\r\n<p>VALDIR GRAPIGLIA</p>\r\n</td>\r\n</tr>\r\n<tr>\r\n<td>\r\n<p>GERRI SAWARIS</p>\r\n</td>\r\n</tr>\r\n</tbody>\r\n</table>\r\n<p align=\"left\">\u00a0</p>\r\n<p align=\"left\">\u00a0</p>\r\n<p align=\"left\">\u00a0</p>\r\n<p align=\"left\">GRANDE EXPEDIENTE (ART. 142 3\u00ba R.I.)</p>\r\n<p>Neste espa\u00e7o o vereador poder\u00e1 comentar assuntos de interesse p\u00fablico em geral.</p>\r\n<h1>ORDEM DOS INSCRITOS \u2013\u00a0\u00a0\u00a0\u00a0\u00a0\u00a0\u00a0\u00a0\u00a0\u00a0\u00a0\u00a0\u00a0\u00a0\u00a0\u00a0\u00a0\u00a0\u00a0\u00a0\u00a0\u00a0\u00a0\u00a0\u00a0\u00a0</h1>\r\n<table>\r\n<tbody>\r\n<tr>\r\n<td>\r\n<p>ALU\u00cdSIO C. VALLE</p>\r\n</td>\r\n</tr>\r\n<tr>\r\n<td>\r\n<p>MARCIO SARETO</p>\r\n</td>\r\n</tr>\r\n<tr>\r\n<td>\r\n<p>ALMIR VILLA</p>\r\n</td>\r\n</tr>\r\n<tr>\r\n<td>\r\n<p>LINDOMAR DURANTI</p>\r\n</td>\r\n</tr>\r\n<tr>\r\n<td>\r\n<p>LIRIO RIGON</p>\r\n</td>\r\n</tr>\r\n<tr>\r\n<td>\r\n<p>CLEUSA TOMAZELLI</p>\r\n</td>\r\n</tr>\r\n<tr>\r\n<td>\r\n<p>VALDIR GRAPIGLIA</p>\r\n</td>\r\n</tr>\r\n<tr>\r\n<td>\r\n<p>GERRI SAWARIS</p>\r\n</td>\r\n</tr>\r\n</tbody>\r\n</table>\r\n<h1>\u00a0</h1>\r\n<h1>INTERVALO REGIMENTAL (ART. 127) \u2013 PODE SER SUSPENSO</h1>\r\n<h2>\u00a0</h2>\r\n<h2>\u00a0ORDEM DO DIA</h2>\r\n<table>\r\n<tbody>\r\n<tr>\r\n<td>\r\n<p><b>PROJETO DE LEI N\u00ba. 15/2016 \u2013</b> AUTORIZA O PODER EXECUTIVO MUNICIPAL A EFETUAR CONTRATA\u00c7\u00d5ES TEMPOR\u00c1RIAS POR EXCEPCIONAL INTERESSE P\u00daBLICO PARA SUPRIR NECESSIDADES DA SECRETARIA MUNICIPAL DE SA\u00daDE, SECRETARIA MUNICIPAL DE ASSIST\u00caNCIA SOCIAL, SECRETARIA MUNICIPAL DE AGRICULTURA E MEIO AMBIENTE, SECRETARIA DE OBRAS E VIA\u00c7\u00c3O E SECRETARIA MUNICIPAL DE ADMINISTRA\u00c7\u00c3O E D\u00c1 OUTRAS PROVID\u00caNCIAS.</p>\r\n</td>\r\n</tr>\r\n<tr>\r\n<td>\r\n<p><b>PROJETO DE LEI N\u00ba. 16/2016 \u2013 </b>DISP\u00d5E SOBRE CRIA\u00c7\u00c3O DO DEPARTAMENTO DE POLITICAS PARA A JUVENTUDE NO MUNIC\u00cdPIO DE CONSTANTINA.</p>\r\n</td>\r\n</tr>\r\n<tr>\r\n<td>\r\n<p><b>PROJETO DE LEI N\u00ba. 22/2016 \u2013</b> AUTORIZA O PODER EXECUTIVO MUNICIPAL ABRIR CR\u00c9DITO ADICIONAL ESPECIAL NO VALOR DE R$ 234.000,00, APONTA RECURSOS E D\u00c1 OUTRAS PROVID\u00caNCIAS.</p>\r\n</td>\r\n</tr>\r\n<tr>\r\n<td>\r\n<p><b>INDICA\u00c7\u00c3O N\u00ba. 04/2016 \u2013 </b>QUE O PODER EXECUTIVO, ATRAV\u00c9S DA SECRETARIA DA FAZENDA: ALTERE O PRAZO DE VENCIMENTO DA COBRAN\u00c7A DA CONTRIBUI\u00c7\u00c3O DE MELHORIA REFERENTE AS OBRAS REALIZADAS NA RUA PADRE PEDRO, CONSTANDO A DATA DE VENCIMENTO DAS PARCELAS PARA DATA POSTERIOR AO T\u00c9RMINO DAS OBRAS.</p>\r\n</td>\r\n</tr>\r\n</tbody>\r\n</table>\r\n<p>\u00a0</p>\r\n<p>EXPLICA\u00c7\u00d5ES PESSOAIS (ART. 147 R.I.)</p>\r\n<p>Neste espa\u00e7o o vereador poder\u00e1 falar sobre v\u00e1rios assuntos livremente</p>\r\n<p>\u00a0</p>\r\n<table>\r\n<tbody>\r\n<tr>\r\n<td>\r\n<p>TEMPO A SER DELIMITADO CONFORME O ANDAMENTO DA SESS\u00c3O...</p>\r\n<p>ORDEM DOS INSCRITOS</p>\r\n</td>\r\n</tr>\r\n<tr>\r\n<td>\r\n<p>ALU\u00cdSIO C. VALLE</p>\r\n</td>\r\n</tr>\r\n<tr>\r\n<td>\r\n<p>MARCIO SARETO</p>\r\n</td>\r\n</tr>\r\n<tr>\r\n<td>\r\n<p>ALMIR VILLA</p>\r\n</td>\r\n</tr>\r\n<tr>\r\n<td>\r\n<p>LINDOMAR DURANTI</p>\r\n</td>\r\n</tr>\r\n<tr>\r\n<td>\r\n<p>LIRIO RIGON</p>\r\n</td>\r\n</tr>\r\n<tr>\r\n<td>\r\n<p>CLEUSA TOMAZELLI</p>\r\n</td>\r\n</tr>\r\n<tr>\r\n<td>\r\n<p>VALDIR GRAPIGLIA</p>\r\n</td>\r\n</tr>\r\n<tr>\r\n<td>\r\n<p>GERRI SAWARIS</p>\r\n</td>\r\n</tr>\r\n</tbody>\r\n</table>\r\n<p align=\"center\"><b>\u00a0</b></p>\r\n<p><b>ENCERRAMENTO DA SESS\u00c3O</b></p>\r\n<p><b>Acompanhe o \u00e1udio Completo:\u00a0<iframe src=\"https://www.opendrive.com/player/NF8xMzEwMTE3NDRfUFBLdG8\" width=\"297\" height=\"25\" frameborder=\"0\"></iframe></b></p>", "author_name": "femarcondes", "version": "1.0", "author_url": "https://www.constantina.rs.leg.br/author/femarcondes", "provider_name": "C\u00e2mara Municipal", "type": "rich"}