{"provider_url": "https://www.constantina.rs.leg.br", "title": "Convite Sess\u00e3o Plen\u00e1ria do Estudante 2015", "html": "\r\n<p>Acontece nesta ter\u00e7a-feira 18/08/15 a Sess\u00e3o Plen\u00e1ria do Estudante 2015 na C\u00e2mara Municipal de Vereadores de Constantina com in\u00edcio as 9h. A sess\u00e3o do Estudante \u00e9 direcionada a alunos do 9\u00ba ano. Em uma primeira fase s\u00e3o escolhidos e inscritos junto a Casa Legislativa para representar sua escola e sua indica\u00e7\u00e3o ou sugest\u00e3o em uma sess\u00e3o plen\u00e1ria, tendo assim, a oportunidade de ser vereador por um dia. Neste ano ter\u00e1 apenas uma sess\u00e3o e todas as escolas municipais e estaduais do munic\u00edpio que possuem 9\u00ba ano ser\u00e3o representadas. \"Esta \u00e9 uma forma de aproximar o Poder Legislativo com a comunidade, dando significado a representatividade, fortalecendo a democracia como valisadora da rela\u00e7\u00e3o entre os Poderes. Motivando para que conhe\u00e7am melhor a pol\u00edtica, os poderes constitu\u00eddos e sintam-se inseridos neste meio, este \u00e9 o nosso objetivo\", salientou o presidente da C\u00e2mara vereador Gerri Sawaris. Abaixo o Roteiro da Sess\u00e3o do Estudante:</p>\r\n<p><em>&nbsp;</em></p>\r\n<p><em>ROTEIRO DOS TRABALHOS\r\nDOS VEREADORES</em></p>\r\n<p><em>SESS\u00c3O PLEN\u00c1RIA DO\r\nESTUDANTE</em></p>\r\n<p style=\"text-align: justify;\">&nbsp;</p>\r\n<p style=\"text-align: justify;\">&nbsp;</p>\r\n<p style=\"text-align: justify;\"><strong><em>01\u00aa - SESS\u00c3O PLEN\u00c1RIA DO ESTUDANTE</em></strong></p>\r\n<p style=\"text-align: justify;\"><strong><em>01\u00aa - SESS\u00c3O LEGISLATIVA ORDIN\u00c1RIA</em></strong></p>\r\n<p style=\"text-align: justify;\"><strong><em>01\u00aa - LEGISLATURA - DATA \u2013 18 DE\r\nAGOSTO DE 2015 \u2013 09hs \u2013 TER\u00c7A-FEIRA</em></strong></p>\r\n<p style=\"text-align: justify;\">&nbsp;</p>\r\n<h1>VERIFICA\u00c7\u00c3O DO QUORUM\r\nREGIMENTAL</h1>\r\n<p>&nbsp;</p>\r\n<p>&nbsp;</p>\r\n<h1>CANTAR O HINO DO MUNIC\u00cdPIO</h1>\r\n<h1>&nbsp;</h1>\r\n<h1>VEREADOR RIELI\r\nALNOCK FAZ A LEITURA DE UM TRECHO DA BIBLIA</h1>\r\n<p style=\"text-align: justify;\">&nbsp;</p>\r\n<p style=\"text-align: justify;\">&nbsp;</p>\r\n<p style=\"text-align: justify;\"><strong>(EXPEDIENTE\r\n(ART. 139 R.I.))</strong></p>\r\n<p style=\"text-align: justify;\"><strong>&nbsp;</strong></p>\r\n<p style=\"text-align: justify;\"><strong><u>PROPOSI\u00c7\u00d5ES APRESENTADAS \u00c0 MESA:</u></strong></p>\r\n<p style=\"text-align: justify;\"><strong><u>&nbsp;</u></strong></p>\r\n<table class=\"MsoTableGrid\">\r\n<tbody>\r\n<tr>\r\n<td>\r\n<p style=\"text-align: justify;\"><strong>INDICA\u00c7\u00c3O N.\u00ba 01/2015</strong> \u2013\u2013 ESCOLA ESTADUAL T\u00c3NHVE KREGSO -\r\n  QUE O PODER EXECUTIVO PROVIDENCIE: \u201cA)\r\n  CONSTRU\u00c7\u00c3O DE UM GIN\u00c1SIO POLIESPORTIVO. \u201d</p>\r\n</td>\r\n</tr>\r\n<tr>\r\n<td>\r\n<p style=\"text-align: justify;\" class=\"paragraph\"><strong>INDICA\u00c7\u00c3O N.\u00ba 02/2015 </strong>\u2013 ESCOLA MUNICIPAL SANTA TEREZINHA\r\n  \u2013 QUE O EXECUTIVO MUNICIPAL PROVIDENCIE: \u201ca-<span class=\"normaltextrun\"> MELHORAMENTOS\r\n  NAS</span><span class=\"apple-converted-space\">&nbsp;</span><span class=\"normaltextrun\">ESCOLAS</span><span class=\"apple-converted-space\">&nbsp;</span><span class=\"normaltextrun\">DA REDE MUNICIPAL DE ENSINO.</span><span class=\"eop\">&nbsp;B-\r\n  </span><span class=\"normaltextrun\">INSTALA\u00c7\u00c3O DE</span><span class=\"apple-converted-space\">&nbsp;</span><span class=\"normaltextrun\">EQUIPAMENTOS\r\n  DE MULTIM\u00cdDIA NAS SALAS DE AULA.</span><span class=\"eop\">&nbsp;</span></p>\r\n</td>\r\n</tr>\r\n<tr>\r\n<td>\r\n<p style=\"text-align: justify;\"><strong>INDICA\u00c7\u00c3O N\u00ba. 03/2015\r\n  \u2013</strong> ESCOLA ESTADUAL\r\n  S\u00c3O JOS\u00c9 \u2013 QUE O PODER EXECUTIVO PROVIDENCIE: O LEVANTAMENTO E RECONHECIMENTO\r\n  DE PATRIMONIO(S) HIST\u00d3RICO(S) DE CONSTANTINA.</p>\r\n</td>\r\n</tr>\r\n<tr>\r\n<td>\r\n<p style=\"text-align: justify;\" class=\"paragraph\"><strong>INDICA\u00c7\u00c3O N\u00ba. 04/2015 </strong>\u2013 ESCOLA MUNICIPAL SANTA TEREZINHA\r\n  \u2013 QUE O PODER EXECUTIVO PROVIDENCIE: <span class=\"normaltextrun\">CONSTRU\u00c7\u00c3O DE\r\n  UMA \u00c1REA DE LAZER P\u00daBLICA COM ESPA\u00c7O PARA DIFERENTES MODALIDADES DE ESPORTES\r\n  E LAZER.</span><span class=\"eop\">&nbsp;</span></p>\r\n</td>\r\n</tr>\r\n<tr>\r\n<td>\r\n<p style=\"text-align: justify;\"><strong>INDICA\u00c7\u00c3O N\u00ba. 05/2015\r\n  \u2013</strong> ESCOLA AMANDIO\r\n  ARA\u00daJO - QUE O PODER EXECUTIVO\r\n  PROVIDENCIE: A REFORMA DO SAL\u00c3O DE ESPORTES DO BAIRRO S\u00c2O ROQUE.</p>\r\n</td>\r\n</tr>\r\n<tr>\r\n<td>\r\n<p style=\"text-align: justify;\"><strong>INDICA\u00c7\u00c3O N\u00ba. 06/2015\r\n  \u2013</strong> ESCOLA ESTADUAL\r\n  S\u00c3O JOS\u00c9 - QUE O PODER EXECUTIVO PROVIDENCIE: \"A)\r\n  A ORGANIZA\u00c7\u00c3O SOBRE PROIBI\u00c7\u00c3O DE VENDAS DE BEBIDAS ALCO\u00d3LICAS PARA MENORES DE\r\n  18 ANOS; B) A ORGANIZA\u00c7\u00c3O NA MELHORIA NAS ESCOLAS; C) A ORGANIZA\u00c7\u00c3O EM\r\n  MELHORIA DAS RUAS EM TODOS OS BAIRROS; D) A ORGANIZA\u00c7\u00c3O DE MAIS TRANSPORTES\r\n  P\u00daBLICOS; E) A ORGANIZA\u00c7\u00c3O DA ILUMINA\u00c7\u00c3O NOS BAIRROS.\"<strong> </strong></p>\r\n</td>\r\n</tr>\r\n<tr>\r\n<td>\r\n<p style=\"text-align: justify;\" class=\"MsoBodyText\"><strong>INDICA\u00c7\u00c3O N\u00ba. 07/2015</strong> \u2013 ESCOLA MUNICIOAL BENTO GON\u00c7ALVES\r\n  - QUE O PODER EXECUTIVO PROVINDENCIE: A) A MANUTEN\u00c7\u00c3O DO LABORAT\u00d3RIO DE\r\n  INFORM\u00c1TICA DA ESCOLA BENTO GON\u00c7ALVES E DAS DEMAIS ESCOLAS MUNICIPAIS, E A\r\n  AQUISI\u00c7\u00c3O DE NOVOS COMPUTADORES PARA SUBSTITUIR OS QUE EST\u00c3O EM DESUSO.&nbsp; B) A CONSTRU\u00c7AO DE UM ABRIGO COM LATERAIS\r\n  FECHADAS, NA PARADA DE \u00d4NIBUS LOCALIZADA NA ERS 143, DIANTE DO CAMPO DE FUTEBOL\r\n  DA COMUNIDADE DE S\u00c3O MARCOS.</p>\r\n</td>\r\n</tr>\r\n<tr>\r\n<td>\r\n<p style=\"text-align: justify;\"><strong>INDICA\u00c7\u00c3O N\u00ba. 08/2015\r\n  \u2013</strong> ESCOLA S\u00c3O JOS\u00c9\r\n  \u2013 QUE O PODER EXECUTIVO PROVIDENCIE: A CRIA\u00c7\u00c3O DE FUNDO PARA AMPARO E\r\n  MANUTEN\u00c7\u00c3O DOS MESMOS.</p>\r\n</td>\r\n</tr>\r\n<tr>\r\n<td>\r\n<p style=\"text-align: justify;\"><strong>INDICA\u00c7\u00c3O N\u00ba. 09/2015 \u2013</strong> ESCOLA MUNICIPAL JOAQUIM NABUCO -\r\n  QUE O PODER EXECUTIVO PROVIDENCIE: A) CONSTRU\u00c7\u00c3O DE\r\n  UMA QUADRA DE VOLEIBOL NA ESCOLA. B) CONSTRU\u00c7\u00c3O DO REL\u00d3GIO MEDICINAL DO CORPO\r\n  HUMANO.</p>\r\n</td>\r\n</tr>\r\n</tbody>\r\n</table>\r\n<p style=\"text-align: justify;\">&nbsp;</p>\r\n<p style=\"text-align: justify;\"><strong>&nbsp;</strong></p>\r\n<p style=\"text-align: justify;\"><strong>&nbsp;</strong></p>\r\n<p style=\"text-align: justify;\"><strong>&nbsp;</strong></p>\r\n<p style=\"text-align: justify;\"><strong>PASSAMOS AO PEQUENO\r\nEXPEDIENTE</strong></p>\r\n<p style=\"text-align: justify;\">Nesse espa\u00e7o o Vereador poder\u00e1 fazer breves\r\ncomunica\u00e7\u00f5es ou coment\u00e1rios sobre a mat\u00e9ria relacionada nas Proposi\u00e7\u00f5es\r\napresentadas a mesa e Proposi\u00e7\u00f5es verbais e pedidos de provid\u00eancias, Votos de\r\nLouvor e de Pesar. Tempo = no m\u00e1ximo 5 minutos.</p>\r\n<p style=\"text-align: justify;\">&nbsp;</p>\r\n<h1>NA ORDEM DOS INSCRITOS\u2013&nbsp;&nbsp;&nbsp;&nbsp;&nbsp;&nbsp;&nbsp;&nbsp;&nbsp;&nbsp;&nbsp;&nbsp;&nbsp;&nbsp;&nbsp;&nbsp;&nbsp;&nbsp;&nbsp;&nbsp;&nbsp;&nbsp;&nbsp;&nbsp;&nbsp;&nbsp;&nbsp;&nbsp;&nbsp;&nbsp;</h1>\r\n<h1>&nbsp;&nbsp;&nbsp;&nbsp;&nbsp;&nbsp;&nbsp;&nbsp;&nbsp;&nbsp;&nbsp;&nbsp;&nbsp;&nbsp;&nbsp;&nbsp;&nbsp;&nbsp;&nbsp;&nbsp;&nbsp;&nbsp;&nbsp;&nbsp;&nbsp;&nbsp;&nbsp;&nbsp;&nbsp;&nbsp;&nbsp;&nbsp;&nbsp;&nbsp;&nbsp;&nbsp;&nbsp;&nbsp;&nbsp;&nbsp;&nbsp;&nbsp;&nbsp;&nbsp;&nbsp;&nbsp;&nbsp;&nbsp;&nbsp;&nbsp;</h1>\r\n<table class=\"MsoNormalTable\">\r\n<tbody>\r\n<tr>\r\n<td>\r\n<p style=\"text-align: justify;\">ROBERTA JANINE DE OLIVEIRA</p>\r\n</td>\r\n</tr>\r\n<tr>\r\n<td>\r\n<p style=\"text-align: justify;\">CRISTIANE LAIS PICOLOTTO</p>\r\n</td>\r\n</tr>\r\n<tr>\r\n<td>\r\n<p style=\"text-align: justify;\">CHA\u00cdNI DE GRANDI</p>\r\n</td>\r\n</tr>\r\n<tr>\r\n<td>\r\n<p style=\"text-align: justify;\">MAYARA BRAND\u00c3O DURANTI</p>\r\n</td>\r\n</tr>\r\n<tr>\r\n<td>\r\n<p style=\"text-align: justify;\">J\u00c9SSICA MAUANI DOS SANTOS DUCLES</p>\r\n</td>\r\n</tr>\r\n<tr>\r\n<td>\r\n<p style=\"text-align: justify;\">GREICI DOS SANTOS</p>\r\n</td>\r\n</tr>\r\n<tr>\r\n<td>\r\n<p style=\"text-align: justify;\">RIELI ALNOCK</p>\r\n</td>\r\n</tr>\r\n<tr>\r\n<td>\r\n<p style=\"text-align: justify;\">AMANDA PIVA</p>\r\n</td>\r\n</tr>\r\n<tr>\r\n<td>\r\n<p style=\"text-align: justify;\">CHARLISE BREMBATTI</p>\r\n</td>\r\n</tr>\r\n</tbody>\r\n</table>\r\n<p class=\"MsoBodyText2\">&nbsp;</p>\r\n<h1>(INTERVALO REGIMENTAL (ART. 127) \u2013 PODE SER SUSPENSO)</h1>\r\n<h2>&nbsp;</h2>\r\n<h2>ORDEM DO DIA</h2>\r\n<p>&nbsp;</p>\r\n<table class=\"MsoTableGrid\">\r\n<tbody>\r\n<tr>\r\n<td>\r\n<p style=\"text-align: justify;\"><strong>INDICA\u00c7\u00c3O N.\u00ba 01/2015</strong> \u2013\u2013 ESCOLA ESTADUAL T\u00c3NHVE KREGSO -\r\n  QUE O PODER EXECUTIVO PROVIDENCIE: \u201cA)\r\n  CONSTRU\u00c7\u00c3O DE UM GIN\u00c1SIO POLIESPORTIVO. \u201d</p>\r\n</td>\r\n</tr>\r\n<tr>\r\n<td>\r\n<p style=\"text-align: justify;\" class=\"paragraph\"><strong>INDICA\u00c7\u00c3O N.\u00ba 02/2015 </strong>\u2013 ESCOLA MUNICIPAL SANTA TEREZINHA\r\n  \u2013 QUE O EXECUTIVO MUNICIPAL PROVIDENCIE: \u201ca-<span class=\"normaltextrun\"> MELHORAMENTOS\r\n  NAS</span><span class=\"apple-converted-space\">&nbsp;</span><span class=\"normaltextrun\">ESCOLAS</span><span class=\"apple-converted-space\">&nbsp;</span><span class=\"normaltextrun\">DA REDE MUNICIPAL DE ENSINO.</span><span class=\"eop\">&nbsp;B-\r\n  </span><span class=\"normaltextrun\">INSTALA\u00c7\u00c3O DE</span><span class=\"apple-converted-space\">&nbsp;</span><span class=\"normaltextrun\">EQUIPAMENTOS\r\n  DE MULTIM\u00cdDIA NAS SALAS DE AULA.</span><span class=\"eop\">&nbsp;</span></p>\r\n</td>\r\n</tr>\r\n<tr>\r\n<td>\r\n<p style=\"text-align: justify;\"><strong>INDICA\u00c7\u00c3O N\u00ba. 03/2015\r\n  \u2013</strong> ESCOLA ESTADUAL\r\n  S\u00c3O JOS\u00c9 \u2013 QUE O PODER EXECUTIVO PROVIDENCIE: O LEVANTAMENTO E RECONHECIMENTO\r\n  DE PATRIMONIO(S) HIST\u00d3RICO(S) DE CONSTANTINA.</p>\r\n</td>\r\n</tr>\r\n<tr>\r\n<td>\r\n<p style=\"text-align: justify;\" class=\"paragraph\"><strong>INDICA\u00c7\u00c3O N\u00ba. 04/2015 </strong>\u2013 ESCOLA MUNICIPAL SANTA TEREZINHA\r\n  \u2013 QUE O PODER EXECUTIVO PROVIDENCIE: <span class=\"normaltextrun\">CONSTRU\u00c7\u00c3O DE\r\n  UMA \u00c1REA DE LAZER P\u00daBLICA COM ESPA\u00c7O PARA DIFERENTES MODALIDADES DE ESPORTES\r\n  E LAZER.</span><span class=\"eop\">&nbsp;</span></p>\r\n</td>\r\n</tr>\r\n<tr>\r\n<td>\r\n<p style=\"text-align: justify;\"><strong>INDICA\u00c7\u00c3O N\u00ba. 05/2015\r\n  \u2013</strong> ESCOLA AMANDIO\r\n  ARA\u00daJO - QUE O PODER EXECUTIVO\r\n  PROVIDENCIE: A REFORMA DO SAL\u00c3O DE ESPORTES DO BAIRRO S\u00c2O ROQUE.</p>\r\n</td>\r\n</tr>\r\n<tr>\r\n<td>\r\n<p style=\"text-align: justify;\"><strong>INDICA\u00c7\u00c3O N\u00ba. 06/2015\r\n  \u2013</strong> ESCOLA ESTADUAL\r\n  S\u00c3O JOS\u00c9 - QUE O PODER EXECUTIVO PROVIDENCIE: \"A)\r\n  A ORGANIZA\u00c7\u00c3O SOBRE PROIBI\u00c7\u00c3O DE VENDAS DE BEBIDAS ALCO\u00d3LICAS PARA MENORES DE\r\n  18 ANOS; B) A ORGANIZA\u00c7\u00c3O NA MELHORIA NAS ESCOLAS; C) A ORGANIZA\u00c7\u00c3O EM\r\n  MELHORIA DAS RUAS EM TODOS OS BAIRROS; D) A ORGANIZA\u00c7\u00c3O DE MAIS TRANSPORTES\r\n  P\u00daBLICOS; E) A ORGANIZA\u00c7\u00c3O DA ILUMINA\u00c7\u00c3O NOS BAIRROS.\"<strong> </strong></p>\r\n</td>\r\n</tr>\r\n<tr>\r\n<td>\r\n<p style=\"text-align: justify;\" class=\"MsoBodyText\"><strong>INDICA\u00c7\u00c3O N\u00ba. 07/2015</strong> \u2013 ESCOLA MUNICIOAL BENTO GON\u00c7ALVES\r\n  - QUE O PODER EXECUTIVO PROVINDENCIE: A) A MANUTEN\u00c7\u00c3O DO LABORAT\u00d3RIO DE\r\n  INFORM\u00c1TICA DA ESCOLA BENTO GON\u00c7ALVES E DAS DEMAIS ESCOLAS MUNICIPAIS, E A\r\n  AQUISI\u00c7\u00c3O DE NOVOS COMPUTADORES PARA SUBSTITUIR OS QUE EST\u00c3O EM DESUSO.&nbsp; B) A CONSTRU\u00c7AO DE UM ABRIGO COM LATERAIS\r\n  FECHADAS, NA PARADA DE \u00d4NIBUS LOCALIZADA NA ERS 143, DIANTE DO CAMPO DE\r\n  FUTEBOL DA COMUNIDADE DE S\u00c3O MARCOS.</p>\r\n</td>\r\n</tr>\r\n<tr>\r\n<td>\r\n<p style=\"text-align: justify;\"><strong>INDICA\u00c7\u00c3O N\u00ba. 08/2015\r\n  \u2013</strong> ESCOLA S\u00c3O JOS\u00c9\r\n  \u2013 QUE O PODER EXECUTIVO PROVIDENCIE: A CRIA\u00c7\u00c3O DE FUNDO PARA AMPARO E\r\n  MANUTEN\u00c7\u00c3O DOS MESMOS.</p>\r\n</td>\r\n</tr>\r\n<tr>\r\n<td>\r\n<p style=\"text-align: justify;\"><strong>INDICA\u00c7\u00c3O N\u00ba. 09/2015 \u2013</strong> ESCOLA MUNICIPAL JOAQUIM NABUCO -\r\n  QUE O PODER EXECUTIVO PROVIDENCIE: A) CONSTRU\u00c7\u00c3O DE\r\n  UMA QUADRA DE VOLEIBOL NA ESCOLA. B) CONSTRU\u00c7\u00c3O DO REL\u00d3GIO MEDICINAL DO CORPO\r\n  HUMANO.</p>\r\n</td>\r\n</tr>\r\n</tbody>\r\n</table>\r\n<p><strong>&nbsp;</strong></p>\r\n<p><strong>&nbsp;</strong></p>\r\n<p><strong>&nbsp;</strong></p>\r\n<p><a name=\"_GoBack\"></a><strong>&nbsp;</strong></p>\r\n<p class=\"MsoBodyText2\">EXPLICA\u00c7\u00d5ES\r\nPESSOAIS (ART. 147 R.I.)</p>\r\n<p style=\"text-align: justify;\">Neste\r\nespa\u00e7o o Vereador poder\u00e1 falar sobre v\u00e1rios assuntos livremente</p>\r\n<p style=\"text-align: justify;\"><strong>&nbsp;</strong></p>\r\n<table class=\"MsoNormalTable\">\r\n<tbody>\r\n<tr>\r\n<td>\r\n<p style=\"text-align: justify;\">Tempo a ser delimitado conforme o andamento\r\n  da sess\u00e3o...</p>\r\n<p style=\"text-align: justify;\">ORDEM DOS INSCRITOS<strong></strong></p>\r\n</td>\r\n</tr>\r\n<tr>\r\n<td>\r\n<p style=\"text-align: justify;\">ROBERTA JANINE DE OLIVEIRA</p>\r\n</td>\r\n</tr>\r\n<tr>\r\n<td>\r\n<p style=\"text-align: justify;\">CRISTIANE LAIS PICOLOTTO</p>\r\n</td>\r\n</tr>\r\n<tr>\r\n<td>\r\n<p style=\"text-align: justify;\">CHA\u00cdNI DE GRANDI</p>\r\n</td>\r\n</tr>\r\n<tr>\r\n<td>\r\n<p style=\"text-align: justify;\">MAYARA BRAND\u00c3O DURANTI</p>\r\n</td>\r\n</tr>\r\n<tr>\r\n<td>\r\n<p style=\"text-align: justify;\">J\u00c9SSICA MAUANI DOS SANTOS DUCLES</p>\r\n</td>\r\n</tr>\r\n<tr>\r\n<td>\r\n<p style=\"text-align: justify;\">GREICI DOS SANTOS</p>\r\n</td>\r\n</tr>\r\n<tr>\r\n<td>\r\n<p style=\"text-align: justify;\">RIELI ALNOCK</p>\r\n</td>\r\n</tr>\r\n<tr>\r\n<td>\r\n<p style=\"text-align: justify;\">AMANDA PIVA</p>\r\n</td>\r\n</tr>\r\n<tr>\r\n<td>\r\n<p style=\"text-align: justify;\">CHARLISE BREMBATTI</p>\r\n</td>\r\n</tr>\r\n</tbody>\r\n</table>\r\n<p align=\"center\" style=\"text-align: center;\"><strong>&nbsp;</strong></p>\r\n<p>&nbsp;</p>\r\n<p align=\"center\" style=\"text-align: center;\"><strong>Encerramento\r\nda sess\u00e3o</strong></p>\r\n", "author_name": "fernandamarcondes", "version": "1.0", "author_url": "https://www.constantina.rs.leg.br/author/fernandamarcondes", "provider_name": "C\u00e2mara Municipal", "type": "rich"}