{"provider_url": "https://www.constantina.rs.leg.br", "title": "Sess\u00e3o Plen\u00e1ria do Estudante - Manh\u00e3", "html": "\r\n<p>Sucesso na Sess\u00e3o Plen\u00e1ria do Estudante realizada hoje (21-08-14) pela manh\u00e3. Alunos, professores e autoridades estiveram presentes na sess\u00e3o lotando a Casa Legislativa e prestigiando os jovens alunos que foram vereadores por um dia. Todas as indica\u00e7\u00f5es e projetos foram aprovados por unanimidade. Segue abaixo a Ordem do dia:</p>\r\n<table class=\"MsoNormalTable\">\r\n<tbody>\r\n<tr>\r\n<td>\r\n<p style=\"text-align: justify;\"><strong>INDICA\u00c7\u00c3O N.\u00ba 01/2014</strong> \u2013 ESCOLA S\u00c3O JOS\u00c9 \u2013 QUE O PODER EXECUTIVO\r\n  PROVIDENCIE: A) ORGANIZA\u00c7\u00c3O DA \u00c1REA VERDE DO BAIRRO SARTORI; B) ORGANIZA\u00c7\u00c3O\r\n  DO ESTACIONAMENTO EM DIAS DE CHUVA. <strong></strong></p>\r\n</td>\r\n</tr>\r\n<tr>\r\n<td>\r\n<p style=\"text-align: justify;\" class=\"MsoBodyText\"><strong>INDICA\u00c7\u00c3O N.\u00ba 02/2014 </strong>\u2013 ESCOLA JOAQUIM NABUCO \u2013 QUE O PODER EXECUTIVO\r\n  PROVIDENCIE: A- \u201cA CRIA\u00c7\u00c3O DE UM PROGRAMA DE CURSOS PROFISSIONALIZANTES\r\n  VOLTADO AOS JOVENS DO MEIO RURAL.\u201d B- QUE O PODER EXECUTIVO ANALISE A\r\n  PROPOSTA DE IMPLANTAR PRIMEIRAMENTE NA E.M.E.F.JOAQUIM NABUCO DA LINHA\r\n  SCOLARI E POSTERIORMENTE NAS DEMAIS ESCOLAS DO MUNIC\u00cdPIO DE CONSTANTINA, UM\r\n  SISTEMA DE CAPTA\u00c7\u00c3O DE \u00c1GUA DA CHUVA (ATRAV\u00c9S DE CISTERNAS) PARA USO N\u00c3O\r\n  POT\u00c1VEL, LAVAR CAL\u00c7ADAS, BANHEIROS E NA HORTA ESCOLAR.</p>\r\n</td>\r\n</tr>\r\n<tr>\r\n<td>\r\n<p style=\"text-align: justify;\"><strong>INDICA\u00c7\u00c3O N\u00ba. 03/2014 \u2013</strong> ESCOLA SANTA TEREZINHA \u2013 QUE O PODER EXECUTIVO\r\n  PROVIDENCIE: \u201cCINEMA POPULAR\u201d.</p>\r\n</td>\r\n</tr>\r\n<tr>\r\n<td>\r\n<p style=\"text-align: justify;\"><strong>INDICA\u00c7\u00c3O N\u00ba. 04/2014 </strong>\u2013 ESCOLA S\u00c3O JOS\u00c9 \u2013 QUE O PODER EXECUTIVO\r\n  PROVIDENCIE: CURSOS PROFISSIONALIZANTES DIRECIONADOS AOS JOVENS.</p>\r\n</td>\r\n</tr>\r\n<tr>\r\n<td>\r\n<p style=\"text-align: justify;\"><strong>INDICA\u00c7\u00c3O N\u00ba. 05/2014 \u2013</strong> ESCOLA SANTA TEREZINHA \u2013 QUE O PODER EXECUTIVO\r\n  PROVIDENCIE: LOCAL PARA EVENTOS CULTURAIS NO MUNIC\u00cdPIO DE CONSTANTINA.</p>\r\n</td>\r\n</tr>\r\n<tr>\r\n<td>\r\n<p style=\"text-align: justify;\"><strong>INDICA\u00c7\u00c3O N\u00ba. 06/2014 \u2013</strong> ESCOLA BENTO GON\u00c7ALVES - QUE O PODER EXECUTIVO: 1- PROVIDENCIE A CONSTRU\u00c7\u00c3O DE UM ABRIGO COM\r\n  LATERAIS FECHADAS, NA PARADA DE \u00d4NIBUS LOCALIZADA NA RS 143, DIANTE DO CAMPO\r\n  DE FUTEBOL DA COMUNIDADE DE S\u00c3O MARCOS. 2- PROVIDENCIE QUE SEJA FEITA UMA\r\n  AMPLIA\u00c7\u00c3O E REFORMA NA PONTE QUE LIGA AS COMUNIDADES DA LINHA GRAMADO E LINHA\r\n  CANDATEN. 3- CONTATE JUNTO AO DAER SOLICITANDO A TROCA DO PARDAL ELETR\u00d4NICO,\r\n  RECENTEMENTE INSTALADO, POR UM REDUTOR DE VELOCIDADE NA RS 143, NO TRECHO\r\n  DIANTE DA ESCOLA MUNICIPAL DE ENSINO FUNDAMENTAL BENTO GON\u00c7ALVES, QUE TAMB\u00c9M\r\n  \u00c9 O PRINCIPAL ACESSO \u00c0 COMUNIDADE DE S\u00c3O MARCOS, AFIM DE QUE POSSA ACONTECER\r\n  A TRAVESSIA DE ESTUDANTES E PESSOAS DA COMUNIDADE COM MAIS SEGURAN\u00c7A E\r\n  EVITANDO POSS\u00cdVEIS TRAG\u00c9DIAS. SOLICITE JUNTO AO DAER QUE SEJAM MANTIDOS\r\n  LIMPOS OS ACOSTAMENTOS NA RS 143 POSSIBILITANDO UM TR\u00c2NSITO COM MAIS\r\n  SEGURAN\u00c7A. SOLICITE JUNTO AO DAER QUE SEJAM SINALIZADAS AS LOMBADAS NA RS 143\r\n  NO TRECHO DO BAIRRO S\u00c3O ROQUE.</p>\r\n</td>\r\n</tr>\r\n<tr>\r\n<td>\r\n<p style=\"text-align: justify;\"><strong>INDICA\u00c7\u00c3O N\u00ba. 07/2014</strong> \u2013 ESCOLA SANTA TEREZINHA - QUE O PODER EXECUTIVO\r\n  PROVIDENCIE: TOMBAMENTO COMO PATRIM\u00d4NIO HIST\u00d3RICO DO MOINHO DA FAM\u00cdLIA\r\n  BONFANTI, LOCALIZADO NA LINHA BONFANTI, CONSTANTINA-RS.</p>\r\n</td>\r\n</tr>\r\n<tr>\r\n<td>\r\n<p style=\"text-align: justify;\"><strong>INDICA\u00c7\u00c3O N\u00ba. 08/2014 \u2013</strong> ESCOLA S\u00c3O JOS\u00c9 \u2013 QUE O PODER EXECUTIVO\r\n  PROVIDENCIE: \u201cA) REGULAR O ESPA\u00c7O UTILIZADO PELAS CONSTRU\u00c7\u00d5ES CIVIS PARA 25%\r\n  DO PASSEIO;</p>\r\n</td>\r\n</tr>\r\n<tr>\r\n<td>\r\n<p style=\"text-align: justify;\"><strong>INDICA\u00c7\u00c3O N\u00ba. 09/2014 \u2013</strong> ESCOLA S\u00c3O JOS\u00c9 - QUE O PODER EXECUTIVO\r\n  PROVIDENCIE:&nbsp; \u201cA) CAMPANHA DE CONSCIENTIZA\u00c7\u00c3O\r\n  \u00c0 POPULA\u00c7\u00c3O DE CONSTANTINA QUANTO A IMPORT\u00c2NCIA DA SEPARA\u00c7\u00c3O DO LIXO; B)\r\n  ASFALTAMENTO DA ESTRADA QUE LIGA O MUNIC\u00cdPIO DE CONSTANTINA A ENGENHO VELHO.\u201d</p>\r\n</td>\r\n</tr>\r\n<tr>\r\n<td>\r\n<p style=\"text-align: justify;\"><strong>INDICA\u00c7\u00c3O N\u00ba. 10/2014 </strong>\u2013 ESCOLA T\u00c3NHVE KREGSO \u2013 QUE O PODER EXECUTIVO\r\n  PROVIDENCIE: \u201cA COLOCA\u00c7\u00c3O DE LIXEIRAS NA COMUNIDADE DE VILA\r\n  CAPINZAL.\u201d</p>\r\n</td>\r\n</tr>\r\n<tr>\r\n<td>\r\n<p style=\"text-align: justify;\"><strong>PROJETO DE LEI N\u00ba. 01/2014 \u2013</strong> ESCOLA BENTO GON\u00c7ALVES - \u201cINSTITUI O DIA DA PARADA\r\n  PARA LEITURA NO MUNIC\u00cdPIO DE CONSTANTINA\u201d.</p>\r\n</td>\r\n</tr>\r\n</tbody>\r\n</table>\r\nA tarde ser\u00e1 realizada a 2\u00aa Sess\u00e3o com in\u00edcio as 14h.", "author_name": "fernandamarcondes", "version": "1.0", "author_url": "https://www.constantina.rs.leg.br/author/fernandamarcondes", "provider_name": "C\u00e2mara Municipal", "type": "rich"}