{"provider_url": "https://www.constantina.rs.leg.br", "title": "Sess\u00e3o Plen\u00e1ria do Estudante - Tarde", "html": "\r\n<p>Na quinta-feira 21/08/2014 aconteceu a 2\u00aa sess\u00e3o plen\u00e1ria do estudante com in\u00edcio as 14h. Mais 9 alunos foram vereadores por um dia e apresentaram as seguintes indica\u00e7\u00f5es:</p>\r\n<p>&nbsp;</p>\r\n<table class=\"MsoNormalTable\">\r\n<tbody>\r\n<tr>\r\n<td>\r\n<p style=\"text-align: justify;\" class=\"MsoBodyText\"><strong>INDICA\u00c7\u00c3O 01/2014</strong> \u2013 ESCOLA S\u00c3O JOS\u00c9 \u2013 QUE O PODER EXECUTIVO PROVIDENCIE: \u201cMELHORIAS NOS\r\n  POSTOS DE SA\u00daDE E NAS ESTRADAS.\u201d</p>\r\n</td>\r\n</tr>\r\n<tr>\r\n<td>\r\n<p style=\"text-align: justify;\"><strong>INDICA\u00c7\u00c3O 02/2014 </strong>\u2013 ESCOLA SANTA TEREZINHA \u2013 QUE O PODER EXECUTIVO\r\n  PROVIDENCIE: <strong>\u201c</strong>CONSTRU\u00c7\u00c3O DE ABRIGOS PARA ESPERA DE \u00d4NIBUS AOS\r\n  ALUNOS DO BAIRRO S\u00c3O ROQUE.\u201d</p>\r\n</td>\r\n</tr>\r\n<tr>\r\n<td>\r\n<p style=\"text-align: justify;\" class=\"MsoBodyText\"><strong>INDICA\u00c7\u00c3O N\u00ba. 03/2014 \u2013</strong> ESCOLA AMANDIO ARAUJO \u2013 QUE O PODER EXECUTIVO\r\n  PROVIDENCIE: \u201cA COLOCA\u00c7\u00c3O DE MAIS LIXEIRAS EM V\u00c1RIOS PONTOS DO BAIRRO S\u00c3O\r\n  ROQUE.\u201d</p>\r\n</td>\r\n</tr>\r\n<tr>\r\n<td>\r\n<p style=\"text-align: justify;\"><strong>INDICA\u00c7\u00c3O N\u00ba. 04/2014 </strong>\u2013 ESCOLA S\u00c3O JOS\u00c9 \u2013 QUE O PODER EXECUTIVO\r\n  PROVIDENCIE: \u201cMONITORAMENTO AMPLO DAS CONDI\u00c7\u00d5ES SOCIAIS,\r\n  FAMILIARES E PSICOL\u00d3GICAS DOS ALUNOS DO ENSINO FUNDAMENTAL.\u201d</p>\r\n</td>\r\n</tr>\r\n<tr>\r\n<td>\r\n<p style=\"text-align: justify;\"><strong>INDICA\u00c7\u00c3O N\u00ba. 05/2014 \u2013 </strong>ESCOLA AM\u00c2NDIO ARA\u00daJO \u2013 QUE O PODER EXECUTIVO\r\n  PROVIDENCIE: CONSTRU\u00c7\u00c3O DE UMA PARADA DE \u00d4NIBUS NA ESCOLA AM\u00c2NDIO ARAUJO I\r\n  COM CAPACIDADE ADEQUADA A SUPORTAR O N\u00daMERO DE ESTUDATES QUE PERMANECEM NA\r\n  ESCOLA E OS QUE SE DESLOCAM PARA O SEGUNDO PR\u00c9DIO ESCOLA AM\u00c2NADIO ARAUJO II,\r\n  LOCALIZADA NA LINHA BARRA CURTA ALTA.</p>\r\n</td>\r\n</tr>\r\n<tr>\r\n<td>\r\n<p style=\"text-align: justify;\"><strong>INDICA\u00c7\u00c3O N\u00ba. 06/2014 \u2013</strong> ESCOLA SANTA TEREZINHA - QUE O PODER EXECUTIVO\r\n  PROVIDENCIE: <strong>\u201c</strong>COLETA DA \u00c1GUA DA\r\n  CHUVA DA ESCOLA SANTA TEREZINHA\u201d</p>\r\n</td>\r\n</tr>\r\n<tr>\r\n<td>\r\n<p style=\"text-align: justify;\" class=\"MsoBodyText\"><strong>INDICA\u00c7\u00c3O N\u00ba. 07/2014</strong> \u2013 ESCOLA S\u00c3O JOS\u00c9 - QUE O PODER EXECUTIVO\r\n  PROVIDENCIE: \u201cA) ACESSIBILIDADE A CADEIRANTES;&nbsp; B) COLOCA\u00c7\u00c3O DE TUBOS NA LINHA\r\n  GUARDINHA;&nbsp; C) MELHORIAS NO ATENDIMENTO\r\n  DA RGE;&nbsp; D) INCENTIVO AO PROJETO ATLETA\r\n  CIDAD\u00c3O.\u201d</p>\r\n</td>\r\n</tr>\r\n<tr>\r\n<td>\r\n<p style=\"text-align: justify;\"><strong>INDICA\u00c7\u00c3O N\u00ba. 08/2014 \u2013</strong> ESCOLA AMANDIO ARA\u00daJO \u2013 QUE O PODER EXECUTIVO\r\n  PROVIDENCIE: REFLORESTAMENTO NAS\r\n  MARGENS DO RIO QUE CRUZA O BAIRRO S\u00c3O ROQUE.</p>\r\n</td>\r\n</tr>\r\n<tr>\r\n<td>\r\n<p style=\"text-align: justify;\"><strong>INDICA\u00c7\u00c3O N\u00ba. 09/2014 \u2013</strong> ESCOLA S\u00c3O JOS\u00c9 - QUE O PODER EXECUTIVO\r\n  PROVIDENCIE: \u201cMELHORIAS NAS RUAS DA\r\n  CIDADE E TAMB\u00c9M NAS ESTRADAS NO INTERIOR DO MUNIC\u00cdPIO DE CONSTANTINA.\u201d</p>\r\n</td>\r\n</tr>\r\n</tbody>\r\n</table>\r\nTodas foram aprovadas por unanimidade e ser\u00e3o enviadas ao Prefeito Municipal.", "author_name": "fernandamarcondes", "version": "1.0", "author_url": "https://www.constantina.rs.leg.br/author/fernandamarcondes", "provider_name": "C\u00e2mara Municipal", "type": "rich"}