{"provider_url": "https://www.constantina.rs.leg.br", "title": "Sess\u00e3o Solene Farroupilha", "html": "\r\n<p>Aconteceu na \u00faltima quinta-feira 12/09/13 a Sess\u00e3o Solene Farroupilha no CTG Taquaru\u00e7u, ocasi\u00e3o em que o Poder Legislativo prestou homenagem a todos os ex-patr\u00f5es do CTG Taquaru\u00e7u, patr\u00e3o atual, Grupo de Cavalarianos \"P\u00e9 no Estribo\", Grupo de La\u00e7adores e Invernadas Art\u00edsticas. A solenidade foi proposta pelo presidente da C\u00e2mara vereador Alu\u00edsio Valle, e aceita por todos os edis. O presidente iniciou a homenagem destacando a import\u00e2ncia da entidade para o munic\u00edpio de Constantina, ressaltou o orgulho de ter seus filhos participantes e atuantes junto a cultura ga\u00facha e deu \u00eanfase aos importantes trabalhos que foram desenvolvidos por todos os patr\u00f5es que passaram pela entidade, juntamente com seus capatazes. Enfatizou ainda, a continuidade do trabalho pelo atual patr\u00e3o e por todos os grupos que fazem parte do CTG Taquaru\u00e7u, sendo na \u00e1rea campeira ou na art\u00edstica. Tamb\u00e9m fizeram uso da palavra todos os vereadores que ressaltaram o orgulho da Tradi\u00e7\u00e3o ga\u00facha, do diferencial do povo e da cultura e parabenizaram a todos os homenageados pelos servi\u00e7os prestados a esta importante entidade. Tamb\u00e9m se pronunciaram um representante de cada grupo homenageado. Representando todos os ex patr\u00f5es,fez uso da palavra o atual patr\u00e3o Jans Decarli, Representando o Grupo de Cavalarianos \"P\u00e9 no Estribo\" &nbsp;o jovem Lucas Bressan, representando o grupo de La\u00e7adores o Sr. Joelson da Silva e representando todas as invernadas art\u00edsticas a Sra Cleonice Potrick, todos agradeceram a homenagem prestada pelo Poder Legislativo e o reconhecimento demonstrado atrav\u00e9s desta solenidade. Foram homenageados:</p>\r\n<p>Ex Patr\u00f5es:</p>\r\n<p><strong>Elze\u00e1rio Fachin (in memorian) representado pela Sra. Graciosa fachin</strong></p>\r\n<p><strong>Jos\u00e9 Ant\u00f4nio de Oliveira Valle</strong></p>\r\n<p><strong>Alci Giacomoni</strong></p>\r\n<p><strong>Pedro Argemiro Cazarotto</strong></p>\r\n<p><strong>M\u00e1rio Rissotto (in memorian) representado pelo Sr. Valcir Cazarotto</strong></p>\r\n<p><strong>Jo\u00e3o Giacomoni</strong></p>\r\n<p><strong>Dari Gheller</strong></p>\r\n<p><strong>Nei Gai</strong></p>\r\n<p><strong>Justino Volpi</strong></p>\r\n<p><strong>L\u00edrio Peron</strong></p>\r\n<p><strong>S\u00e9rgio Turra</strong></p>\r\n<p><strong>Atual Patr\u00e3o:</strong></p>\r\n<p><strong>Jans De Carli</strong></p>\r\n<p>Representante do Quadro de La\u00e7adores:</p>\r\n<p><strong>Joelson da Silva</strong></p>\r\n<p>Representante do Grupo de Cavalarianos \"P\u00e9 no Estribo\":</p>\r\n<p><strong>Ademir Milan</strong></p>\r\n<p>Representante Geral das Invernadas Art\u00edticas:</p>\r\n<p><strong>Cleonice Potrick</strong></p>\r\n<p><strong><br /></strong></p>\r\n<p><strong><img class=\"image-inline\" src=\"../../imagens/inoticias/Sessao%20Ctg%2018.jpg/image_preview\" alt=\"Sess\u00e3o Solene Farroupilha\" />&nbsp;<img class=\"image-inline\" src=\"../../imagens/inoticias/Sessao%20CTG%2019.jpg/image_preview\" alt=\"Sess\u00e3o Solene Farroupilha 02\" /><br /></strong></p>\r\n<p><strong><img class=\"image-inline\" src=\"../../imagens/inoticias/Sessao%20CTG%2020.jpg/image_preview\" alt=\"Sess\u00e3o Solene Farroupilha 03\" />&nbsp;<img class=\"image-inline\" src=\"../../imagens/inoticias/Sessao%20Ctg%2002.jpg/image_preview\" alt=\"Sess\u00e3o Solene Farroupilha 04\" /><br /></strong></p>\r\n<p><strong><br /></strong></p>\r\n<p><strong><br /></strong></p>\r\n", "author_name": "fernandamarcondes", "version": "1.0", "author_url": "https://www.constantina.rs.leg.br/author/fernandamarcondes", "provider_name": "C\u00e2mara Municipal", "type": "rich"}