{"provider_url": "https://www.constantina.rs.leg.br", "title": "Ver. Cleusa aborda v\u00e1rios assuntos", "html": "\r\n<p align=\"center\" style=\"text-align: left;\"><span style=\"text-align: justify;\">&nbsp;&nbsp;</span><span style=\"text-align: justify;\">Ao\r\nse pronunciar a vereadora Cleusa Tomazelli (PT) falou sobre a situa\u00e7\u00e3o das\r\nestradas do munic\u00edpio onde diariamente recebe reclama\u00e7\u00f5es. \u201cEspero que a\r\nsecretaria de obras tome as providencias necess\u00e1rias pois, os nossos\r\nagricultores que geram renda n\u00e3o podem sofrer as consequ\u00eancias, \u00e9 preciso\r\nplanejamento e a\u00e7\u00e3o\u201d, salientou. Do mesmo modo, falou das ruas da cidade que\r\nnecessitam tamb\u00e9m de melhorias. Destacou o 5\u00ba encontro Regional de Mulheres que\r\nse realizar\u00e1 no munic\u00edpio de S\u00e3o Jos\u00e9 das Miss\u00f5es em 2016 onde o Poder p\u00fablico\r\nmunicipal de Constantina decidiu n\u00e3o participar e realizar um encontro local.\r\n\u201cN\u00e3o concordo com esta decis\u00e3o, pois h\u00e1 um acordo entre todos os munic\u00edpios envolvidos\r\ndesde 2012 em fazer o encontro regional onde todos participam e dividem os\r\ncustos. Por que n\u00e3o continuar com este acordo? Sabemos que realizar um encontro\r\nlocal n\u00e3o ir\u00e1 diminuir custos ou ser\u00e1 que isso \u00e9 porque ano que vem \u00e9 ano\r\neleitoral?Espero que a administra\u00e7\u00e3o reveja a sua decis\u00e3o\u201d, ressaltou a\r\nvereadora. Falou da preocupa\u00e7\u00e3o com a situa\u00e7\u00e3o financeira do munic\u00edpio \u201chaja\r\nvista, que h\u00e1 boatos que ser\u00e1 realizado concurso p\u00fablico, havendo contradi\u00e7\u00e3o\r\nna minha opini\u00e3o, pois se est\u00e1 sendo feito corte de gastos, turno \u00fanico, e h\u00e1\r\nfalta de recursos para melhorias n\u00e3o \u00e9 o momento para realizar efetiva\u00e7\u00f5es\u201d,\r\nsalientou. Finalizou mostrando preocupa\u00e7\u00e3o com Po\u00e7o Artesiano da Linha Rodeio\r\nS\u00e3o Jo\u00e3o que est\u00e1 com infiltra\u00e7\u00e3o pedindo providencias para o Executivo.</span></p>\r\n", "author_name": "fernandamarcondes", "version": "1.0", "author_url": "https://www.constantina.rs.leg.br/author/fernandamarcondes", "provider_name": "C\u00e2mara Municipal", "type": "rich"}