{"provider_url": "https://www.constantina.rs.leg.br", "title": "Ver. Edemar fala sobre ilumina\u00e7\u00e3o p\u00fablica", "html": "\r\n<p align=\"center\" style=\"text-align: left;\"><span style=\"text-align: justify;\">&nbsp;</span><span style=\"text-align: justify;\">Em seu\r\npronunciamento o vereador Edemar Muneron (PDT) agradeceu a sec. de obras que\r\nest\u00e1 realizando a troca de l\u00e2mpadas no Bairro S\u00e3o Roque que n\u00e3o estavam\r\nfuncionando. \u201cV\u00e1rias ruas do bairro precisam de melhorias na ilumina\u00e7\u00e3o e a\r\nsec. de obras est\u00e1 providenciando estas melhorias o mais breve poss\u00edvel\u201d,\r\ndestacou. O vereador comentou que est\u00e3o concluindo a terra planagem onde em\r\nbreve ser\u00e1 constru\u00eddo o sal\u00e3o de esportes no Bairro S\u00e3o Roque. \u201cEsta obra \u00e9\r\nmuito importante para a comunidade pois, ser\u00e1 de muita utilidade em dias de\r\nfesta, onde poder\u00e1 auxiliar para acomodar mais visitantes. Torcemos que at\u00e9 a\r\nfesta tradicional de outubro esta obra esteja coberta para que j\u00e1 possa ser\r\nutilizada para esta finalidade\u201d, ressaltou. Finalizou parabenizando os\r\nagricultores e motoristas pela bonita festa realizada no \u00faltimo domingo, \u201cde\r\nmodo especial a todas as pessoas que trabalharam na organiza\u00e7\u00e3o e as que\r\nestiveram presentes neste evento tradicional e grandioso de nosso munic\u00edpio\u201d.</span></p>\r\n", "author_name": "fernandamarcondes", "version": "1.0", "author_url": "https://www.constantina.rs.leg.br/author/fernandamarcondes", "provider_name": "C\u00e2mara Municipal", "type": "rich"}