{"provider_url": "https://www.constantina.rs.leg.br", "title": "Ver. L\u00edrio destaca dias comemorativos", "html": "\r\n<p align=\"center\" style=\"text-align: left;\"><span style=\"text-align: justify;\">Ao se pronunciar o vereador\r\nL\u00edrio Rigon (PP) comentou a passagem do dia do amigo comemorado no dia 20/07. \u201cQue\r\nbom \u00e0 gente poder comemorar esta data. Como \u00e9 bom termos amigos para as horas\r\nde lazer mas, principalmente percebemos o quanto s\u00e3o importantes nos momentos\r\ndif\u00edceis. Voc\u00ea quer ter mais amigos comece conservando os amigos que voc\u00ea tem.\r\nPois nos perguntamos que pre\u00e7o tem uma amizade?\u201d, destacou. Na oportunidade o\r\nvereador tamb\u00e9m lembrou a passagem do dia do Homem comemorado no dia 13/07.\r\n\u201cEsta \u00e9 uma data que passa despercebida,</span><span style=\"text-align: justify;\">&nbsp;\r\n</span><span style=\"text-align: justify;\">torcemos para que os homens tenham a dignidade de nascer homens e\r\npermanecer como homens\u201d. Finalizou com o lema \u201cfazer o bem sem olhar a quem\u201d.</span></p>\r\n", "author_name": "fernandamarcondes", "version": "1.0", "author_url": "https://www.constantina.rs.leg.br/author/fernandamarcondes", "provider_name": "C\u00e2mara Municipal", "type": "rich"}