{"provider_url": "https://www.constantina.rs.leg.br", "title": "Ver. L\u00edrio se preocupa com o amanh\u00e3", "html": "<p align=\"center\" style=\"text-align: justify; \"><span>\u00a0 O ver. L\u00edrio Rigon (PP) mostrou preocupa\u00e7\u00e3o com o alto \u00edndice de desemprego atual, com a falta de moradia entre outros problemas sociais que est\u00e3o presentes na nossa sociedade. \u201cEstamos vendo nos meios de comunica\u00e7\u00e3o not\u00edcias di\u00e1rias que alertam para o desemprego, para a crise financeira, em breve estaremos observando os reflexos disso aqui com a inadimpl\u00eancia nos com\u00e9rcios, nos supermercados e nas farm\u00e1cias. Me preocupo muito, porque estamos enfrentando uma situa\u00e7\u00e3o que n\u00e3o tem expectativas para melhorar\u201d, ressaltou. Tamb\u00e9m o vereador sugeriu para que os governantes busquem alternativas para sanar os direitos adquiridos da comunidade, como por exemplo, as cestas b\u00e1sicas, \u201c sabemos que as pessoas mais necessitadas dependem desta cesta b\u00e1sica para os sustento de sua fam\u00edlia, sendo uma forma de amenizar os problemas sociais\u201d, destacou. Concluiu com o lema \u201cfazer o bem sem olhar a quem\u201d.\u00a0</span></p>", "author_name": "femarcondes", "version": "1.0", "author_url": "https://www.constantina.rs.leg.br/author/femarcondes", "provider_name": "C\u00e2mara Municipal", "type": "rich"}