{"provider_url": "https://www.constantina.rs.leg.br", "title": "Ver. M\u00e1rcio apresentou indica\u00e7\u00e3o verbal", "html": "<p align=\"center\" style=\"text-align: justify; \"><span>\u00a0 \u00a0Ao se manifestar o Ver. M\u00e1rcio Sareto (PT) apresentou indica\u00e7\u00e3o verbal onde solicita ao Executivo Municipal a constru\u00e7\u00e3o de um abrigo na parada de \u00f4nibus no Pac II no Bairro S\u00e3o Roque. \u201c\u00c9 uma necessidade o abrigo naquele local, pois v\u00e1rias crian\u00e7as esperam o transporte escolar sujeitas as intemp\u00e9ries do tempo\u201d, justificou o vereador. Saudou a cria\u00e7\u00e3o do Departamento de pol\u00edticas para a juventude no munic\u00edpio. \u201cEsta era uma das minhas demandas de campanha, onde j\u00e1 havia feito indica\u00e7\u00e3o verbal nesta Casa e agora fico feliz por estar sendo criado este departamento\u201d. Com rela\u00e7\u00e3o ao diretor de tr\u00e2nsito, \u201cespero que o mesmo venha a realizar realmente as melhorias que precisam ser feitas no tr\u00e2nsito em nosso munic\u00edpio, tais como r\u00f3tulas, redutores, placas de sinaliza\u00e7\u00e3o e indicativas das ruas, etc.\u201d Parabenizou a Escola E.E.M. S\u00e3o Jos\u00e9 pelos 54 anos de atividades no munic\u00edpio e ao Banco do Brasil pelos 100 anos no Estado do RS e 34 anos em Constantina. Saudou tamb\u00e9m a realiza\u00e7\u00e3o do gaita\u00e7o em comemora\u00e7\u00e3o ao dia do gaiteiro \u201cquero parabenizar de modo especial o Sr. Dira Marcolan e seu neto Nathan que foram idealizadores do evento\u201d, concluiu.</span></p>", "author_name": "femarcondes", "version": "1.0", "author_url": "https://www.constantina.rs.leg.br/author/femarcondes", "provider_name": "C\u00e2mara Municipal", "type": "rich"}