{"provider_url": "https://www.constantina.rs.leg.br", "title": "Ver. Villa comenta pr\u00eamio do Legislativo", "html": "\r\n<p align=\"center\" style=\"text-align: left;\"><span style=\"text-align: justify;\">Em\r\nseu pronunciamento o Vereador Almir Villa(PP) saudou o Legislativo de\r\nConstantina pela premia\u00e7\u00e3o do Tribunal de Contas pelas boas pr\u00e1ticas de\r\nTranspar\u00eancia na Internet no 2\u00ba ano consecutivo. \u201cEstivemos participando da\r\nentrega da premia\u00e7\u00e3o na Capital do Estado e quero saudar todos os vereadores e\r\nem especial os servidores da Casa Legislativa que atualizam e trabalham para\r\nque o portal tenha todas as informa\u00e7\u00f5es que a comunidade precisa\u201d, destacou. A\r\nentrega do pr\u00eamio foi realizada em POA na \u00faltima ter\u00e7a-feira (20). Comentou tamb\u00e9m\r\nda import\u00e2ncia das indica\u00e7\u00f5es das suplentes e fez votos de que tenham sucesso\r\nna realiza\u00e7\u00e3o das mesmas. \u201cEu fiz v\u00e1rias vezes indica\u00e7\u00f5es desde meu primeiro\r\nmandato que fazem mais de 20 anos para que sejam feitas adequa\u00e7\u00f5es necess\u00e1rias\r\nno tr\u00e2nsito de nossa cidade e colocado r\u00f3tulas nos pontos mais cr\u00edticos de\r\nnossa cidade, v\u00e1rias administra\u00e7\u00f5es passaram e at\u00e9 hoje as obras n\u00e3o\r\naconteceram temos que lutar para que tenhamos sucesso na concretiza\u00e7\u00e3o das\r\nmesmas\u201d, concluiu.</span></p>\r\n", "author_name": "fernandamarcondes", "version": "1.0", "author_url": "https://www.constantina.rs.leg.br/author/fernandamarcondes", "provider_name": "C\u00e2mara Municipal", "type": "rich"}