{"provider_url": "https://www.constantina.rs.leg.br", "title": "Ver. Villa destaca projeto 48/2016", "html": "<p align=\"center\" style=\"text-align: justify; \"><span>\u00a0 Em seu pronunciamento o Ver. Almir Villa (PP) agradeceu aos colegas vereadores que aprovaram na 20\u00aa sess\u00e3o ordin\u00e1ria realizada no dia 21/11/16 o projeto 48/2016 que reduz a carga hor\u00e1ria de funcion\u00e1rios p\u00fablicos que possuem familiares com defici\u00eancia sem reduzir o sal\u00e1rio. \u201cEste projeto foi uma iniciativa deste vereador e aperfei\u00e7oada pelo Executivo Municipal. Um projeto simples, mas, de extrema import\u00e2ncia para auxiliar as pessoas que tem um deficiente em sua fam\u00edlia, podendo assim dar uma aten\u00e7\u00e3o especial sem ter redu\u00e7\u00e3o no seu sal\u00e1rio. Esperamos que seja sancionada a lei e colocada em pr\u00e1tica\u201d, salientou.</span></p>", "author_name": "femarcondes", "version": "1.0", "author_url": "https://www.constantina.rs.leg.br/author/femarcondes", "provider_name": "C\u00e2mara Municipal", "type": "rich"}