{"provider_url": "https://www.constantina.rs.leg.br", "title": "Ver. Villa fala da situa\u00e7\u00e3o da sa\u00fade", "html": "\r\n<p align=\"center\" style=\"text-align: left;\"><span style=\"text-align: justify;\">Em\r\nsuas manifesta\u00e7\u00f5es o vereador Almir Villa (PP) comentou sobre a situa\u00e7\u00e3o do\r\nHospital da AHCROS de Constantina. O vereador salientou que \u00e9 preciso achar uma\r\nsa\u00edda para viabilizar os atendimentos e comentou que \u201cse nos \u00faltimos anos\r\nhouvesse um reajuste na tabela SUS conforme a demanda, hoje n\u00e3o se estaria\r\npassando as dificuldades a n\u00edvel municipal, estadual e federal\u201d. Tamb\u00e9m fez\r\nalguns coment\u00e1rios com rela\u00e7\u00e3o a Semana Farroupilha convidando a comunidade\r\npara prestigiar os eventos que ser\u00e3o realizados, no entanto fez algumas\r\nsugest\u00f5es com rela\u00e7\u00e3o aos hor\u00e1rios, \u201cque sejam cumpridos e respeitados os\r\nhor\u00e1rios do regulamento\u201d. \u201cPoderia estar falando tamb\u00e9m do que aconteceu no\r\npa\u00eds no \u00faltimo dia 16/08, no entanto, n\u00e3o farei nenhum coment\u00e1rio pois, sou um\r\ndos maiores defensores do entendimento pol\u00edtico no munic\u00edpio de Constantina e o\r\nexemplo tem que ser iniciado por n\u00f3s\u201d, concluiu.</span></p>\r\n", "author_name": "fernandamarcondes", "version": "1.0", "author_url": "https://www.constantina.rs.leg.br/author/fernandamarcondes", "provider_name": "C\u00e2mara Municipal", "type": "rich"}