{"provider_url": "https://www.constantina.rs.leg.br", "title": "VEREADOR ADEMAR RELATA A\u00c7\u00d5ES LEGISLATIVAS   ", "html": "<p><span>Nesse ano de 2022 o vereador Ademar Francio Da Fontoura (PDT) realizou v\u00e1rias atividades junto ao Legislativo, confira as principais a\u00e7\u00f5es desenvolvidas pelo vereador, nesses cinco meses.</span></p>\r\n<p><b>DOIS PROJETOS DE LEI DE SUA AUTORIA FORAM SANCIONADOS</b></p>\r\n<p>Virou lei:</p>\r\n<p><b>PL que denomina VILLA FA\u00c9</b></p>\r\n<p>Propriedade localizada as margens da ERS 143, que liga Constantina \u00e0 Liberato Salzano, km 3.5, Linha Savaris. Propriedade da fam\u00edlia do Senhor Nelson Fa\u00e9, agora sob a gest\u00e3o de seu filho Cleomar e esposa Juliana Fa\u00e9, profissionais na \u00e1rea da odontologia, que ir\u00e3o empreender na \u00e1rea do turismo rural. Um local com uma natureza maravilhosa que ir\u00e1 oferecer lazer, gastronomia de qualidade \u00e0 popula\u00e7\u00e3o local e regional. J\u00e1 est\u00e1 desenvolvendo as atividades, toda popula\u00e7\u00e3o est\u00e1 convidada a conhecer e desfrutar o local.</p>\r\n<p><a href=\"https://sapl.constantina.rs.leg.br/media/sapl/public/normajuridica/2022/2368/4061-2022_-_vila_fae_-_pl_l_05-2022.pdf\">https://sapl.constantina.rs.leg.br/media/sapl/public/normajuridica/2022/2368/4061-2022_-_vila_fae_-_pl_l_05-2022.pdf</a></p>\r\n<p>\u00a0</p>\r\n<p>Virou lei</p>\r\n<p><b>PL que institu\u00ed no \u00e2mbito do munic\u00edpio de Constantina o \"Programa Farm\u00e1cia Solid\u00e1ria\".</b></p>\r\n<p>Destinado a conscientiza\u00e7\u00e3o, capta\u00e7\u00e3o, reaproveitamento, dispensa\u00e7\u00e3o \u00e0 popula\u00e7\u00e3o, doa\u00e7\u00e3o ou permuta, \u00e0 institui\u00e7\u00f5es p\u00fablicas ou privadas de assist\u00eancia social e descarte correto de medicamentos, materiais e equipamentos m\u00e9dico-hospitalares, f\u00f3rmulas l\u00e1cteas e produtos de higiene, com o objetivo de auxiliar no tratamento de sa\u00fade, por meio do acesso gratuito \u00e0s doa\u00e7\u00f5es n\u00e3o utilizadas e dentro do prazo de validade provenientes da popula\u00e7\u00e3o em geral, cl\u00ednicas m\u00e9dicas e de empresas do segmento farmac\u00eautico.</p>\r\n<p>O programa farm\u00e1cia solid\u00e1ria ir\u00e1 trabalhar de forma adequada o descarte correto, a conscientiza\u00e7\u00e3o em rela\u00e7\u00e3o a automedica\u00e7\u00e3o e o uso de medicamentos vencidos, al\u00e9m de proporcionar \u00e0 pessoas que n\u00e3o tem condi\u00e7\u00f5es financeiras, acesso a medica\u00e7\u00e3o de forma gratuita, por meio da doa\u00e7\u00e3o de medicamentos que estejam em condi\u00e7\u00f5es de uso.</p>\r\n<p>Todo o processo ser\u00e1 feito por uma profissional na \u00e1rea da sa\u00fade, uma farmac\u00eautica. Todos podem levar at\u00e9 um dos postos de sa\u00fade do munic\u00edpio, os itens referidos no projeto e que n\u00e3o utilizam mais, assim ser\u00e1 dado o destino correto aos mesmos.</p>\r\n<p><a href=\"https://sapl.constantina.rs.leg.br/media/sapl/public/normajuridica/2022/2369/4062-2022_-_programa_farmacia_solidaria_-_pl_l_06-2022.pdf\">https://sapl.constantina.rs.leg.br/media/sapl/public/normajuridica/2022/2369/4062-2022_-_programa_farmacia_solidaria_-_pl_l_06-2022.pdf</a></p>\r\n<p>\u00a0</p>\r\n<p><b>PROTOCOLEI JUNTOS \u00c0 COMISS\u00c3O DE TR\u00c2NSITO</b></p>\r\n<p>- A pedido de professores e dire\u00e7\u00e3o da Escola S\u00e3o Jos\u00e9, sugeriu adequa\u00e7\u00f5es na sinaliza\u00e7\u00e3o aos arredores da Escola, para dar seguran\u00e7a aos alunos, em rela\u00e7\u00e3o \u00e0 faixas de pedestre, estacionamento de \u00f4nibus.</p>\r\n<p>- A pedido de cidad\u00e3os, motoristas, sugeriu adequa\u00e7\u00f5es no trevo na sa\u00edda para Rondinha, para que haja seguran\u00e7a, visto que n\u00e3o h\u00e1 espa\u00e7o para os ve\u00edculos acessarem a Rua Gabriel Paludo pela m\u00e3o certa, tendo que acessar pela contram\u00e3o.</p>\r\n<p>\u00a0</p>\r\n<p><b>A\u00e7\u00e3o junto a criadores de abelha, Legislativo e Executivo, para cria\u00e7\u00e3o de uma Lei que autoriza a retirada e pro\u00edbe plantio e confec\u00e7\u00e3o de mudas da esp\u00e9cie spathodea campanulata,</b> a qual causa a morte de abelhas sem ferr\u00e3o e beija flor, por possuir subst\u00e2ncias t\u00f3xicas.</p>\r\n<p>O vereador foi procurado pelos criadores de abelhas sem ferr\u00e3o, atrav\u00e9s do senhor Gilmar Ferrareze, para colocar sobre o assunto. Ademar organizou uma reuni\u00e3o na C\u00e2mara de Vereadores com os criadores de abelha, com o respons\u00e1vel pela pasta do Meio Ambiente do Munic\u00edpio Vander Madaloz, e o t\u00e9cnico Valdir Grison.\u00a0 Na oportunidade foi decidido que a Secretaria de Agricultura faria um memorando e enviaria ao Executivo Municipal, pedindo que enviasse a C\u00e2mara de Vereadores um Projeto de Lei. Assim o Executivo fez e o projeto foi aprovado, j\u00e1 \u00e9 Lei.</p>\r\n<p><a href=\"https://sapl.constantina.rs.leg.br/media/sapl/public/normajuridica/2022/2371/4064-2022_-_proibe_plantio_de_arvore_spathodea_campanulata_-_pl_26-2022.pdf\">https://sapl.constantina.rs.leg.br/media/sapl/public/normajuridica/2022/2371/4064-2022_-_proibe_plantio_de_arvore_spathodea_campanulata_-_pl_26-2022.pdf</a></p>\r\n<p>\u00a0</p>\r\n<p><b>DUAS INDICA\u00c7\u00d5ES SUAS APROVADAS</b></p>\r\n<p>- Indica\u00e7\u00e3o de um local para a LFCC - Que seja analisada a possibilidade de:\u00a0providenciar um local para que seja fixada a sede da LFCC (Liga Feminina de Combate ao\u00a0C\u00e2ncer), de\u00a0Constantina/RS.</p>\r\n<p><b>Justificativa\u00a0</b></p>\r\n<p>1, A entidade n\u00e3o possui um local adequado para guardar seus materiais de trabalho\u00a0</p>\r\n<p>2. Tamb\u00e9m n\u00e3o h\u00e1 um local definido para que as pessoas necessitadas se dirijam, para atendimento a pacientes, familiares. As voluntarias fazem esse atendimento em seu\u00a0pr\u00f3prio\u00a0local de trabalho\u00a0</p>\r\n<p>3, O trabalho da entidade \u00e9 de extrema\u00a0import\u00e2ncia, com respaldo e reconhecimento da sociedade.</p>\r\n<p><span><a href=\"https://sapl.constantina.rs.leg.br/media/sapl/public/materialegislativa/2022/1443/indicacao_ademar_07.2022_-_-_sala_para_liga_de_combate.pdf\">https://sapl.constantina.rs.leg.br/media/sapl/public/materialegislativa/2022/1443/indicacao_ademar_07.2022_-_-_sala_para_liga_de_combate.pdf</a> </span></p>\r\n<p><span>\u00a0</span></p>\r\n<p>- Indica\u00e7\u00e3o que o Poder Executivo providencie a instala\u00e7\u00e3o de duas lixeiras grandes \u00e0s margens da ERS 143, per\u00edmetro que compreende o Bairro S\u00e3o Roque. A rodovia \u00e9 a entrada e sa\u00edda da cidade, portanto h\u00e1 grande fluxo de pessoas. Al\u00e9m da quest\u00e3o sanit\u00e1ria, precisamos demonstrar uma boa impress\u00e3o em rela\u00e7\u00e3o a cidade colabora\u00e7\u00e3o dos cidad\u00e3os.</p>\r\n<p><a href=\"https://sapl.constantina.rs.leg.br/media/sapl/public/materialegislativa/2022/1444/indicacao_ademar_08.2022_-_lixeiras.pdf\">https://sapl.constantina.rs.leg.br/media/sapl/public/materialegislativa/2022/1444/indicacao_ademar_08.2022_-_lixeiras.pdf</a></p>\r\n<p>\u00a0</p>\r\n<p><b>EMENDAS PARLAMENTARES PARA O MUNIC\u00cdPIO</b></p>\r\n<p>- Recurso indicado pelo Deputado Estadual Eduardo Loureiro (PDT), no valor de R$ 50.000,00 para a \u00e1rea da sa\u00fade, est\u00e1 depositado na conta do munic\u00edpio.</p>\r\n<p>- Recurso indicado pelo Deputado Federal Afonso Motta (PDT), no valor de R$ 100.000,00 para a \u00e1rea da agricultura, est\u00e1 confirmado, o munic\u00edpio aguarda a Caixa Econ\u00f4mica Federal depositar o recurso para abrir licita\u00e7\u00e3o para a compra de uma camionete e um perfurador de solo. O munic\u00edpio tamb\u00e9m colocar\u00e1 um valor consider\u00e1vel.</p>\r\n<p>- Tamb\u00e9m est\u00e1 confirmada e cadastrada Indica\u00e7\u00e3o do Deputado Afonso Motta, recurso no valor de R$ 100.000,00 para a \u00e1rea da sa\u00fade. Ser\u00e1 depositado este ano.</p>\r\n<p>\u00a0</p>\r\n<p><b>Deu entrada na Sess\u00e3o do dia 23/05, Projeto de Resolu\u00e7\u00e3o</b> propondo mudan\u00e7a no regimento interno da C\u00e2mara de Vereadores, para conceder direito a licen\u00e7a maternidade subsidiado, para cargo eletivo de vereador. Assim mulheres que exercem o cargo ter\u00e3o seguran\u00e7a.</p>\r\n<p>O vereador Ademar parabeniza a empresa Eduardo Valle Eventos Esportivos pela organiza\u00e7\u00e3o do campeonato municipal de futebol sete, e ao CMD pelo apoio. Da mesma forma o Jornal Folha da Produ\u00e7\u00e3o pela excelente cobertura na final ocorrida no \u00faltimo domingo.</p>", "author_name": "", "version": "1.0", "author_url": "https://www.constantina.rs.leg.br/author/patrick", "provider_name": "C\u00e2mara Municipal", "type": "rich"}